{"id":19025,"date":"2025-04-12T04:09:10","date_gmt":"2025-04-12T04:09:10","guid":{"rendered":"https:\/\/www.europesays.com\/fr\/19025\/"},"modified":"2025-04-12T04:09:10","modified_gmt":"2025-04-12T04:09:10","slug":"sm-caen-brahimi-blesse-un-milieu-de-retour-apres-une-longue-suspension","status":"publish","type":"post","link":"https:\/\/www.europesays.com\/fr\/19025\/","title":{"rendered":"SM Caen. Brahimi bless\u00e9, un milieu de retour apr\u00e8s une longue suspension"},"content":{"rendered":"<p>            Par<br \/>\n        <strong><br \/>\n            <a href=\"https:\/\/actu.fr\/auteur\/nicolas-claich\" title=\"Consulter tous les articles de Nicolas Claich\" target=\"_blank\" rel=\"noopener\">Nicolas Claich<\/a><br \/>\n        <\/strong><\/p>\n<p>        Publi\u00e9 le<\/p>\n<p>            11 avr. 2025 \u00e0 10h51        <\/p>\n<p>Pour ce match crucial face \u00e0 Rodez, ce vendredi 11 avril 2025, le <b>Stade Malherbe Caen (Calvados)<\/b> devrait aligner le m\u00eame onze titulaire que face \u00e0 Metz (2-2), samedi 5 avril.\u00a0<\/p>\n<p>Un groupe de 19 joueurs<\/p>\n<p class=\" wall-content\">Pour composer son \u00e9quipe de d\u00e9part, <b>probablement en 4-4-2<\/b>, l\u2019entra\u00eeneur Michel Der Zakarian puisera dans le groupe de 19 joueurs qui s\u2019est envol\u00e9 pour l\u2019Aveyron. Bless\u00e9s, <b>cinq joueurs n\u2019y figurent pas<\/b> : les d\u00e9fenseurs Romain Thomas, Emmanuel Ntim et Quentin Lecoeuche, le milieu de terrain Bilal Brahimi et l\u2019attaquant Kalifa Coulibaly.<\/p>\n<p>Gabin Tom\u00e9, premi\u00e8re dans le groupe depuis janvier<\/p>\n<p class=\" wall-content\">Le coach caennais a fait appel, pour la premi\u00e8re fois depuis son arriv\u00e9e sur le banc malherbiste, au jeune <b>Gabin Tom\u00e9<\/b> (21 ans). Le milieu de terrain form\u00e9 au club n\u2019\u00e9tait plus apparu dans le groupe depuis le 17 janvier, \u00e0 l\u2019\u00e8re Baltazar.<\/p>\n<p class=\" wall-content\">Il a notamment purg\u00e9 <a href=\"https:\/\/actu.fr\/normandie\/caen_14118\/sm-caen-un-joueur-du-stade-malherbe-lourdement-sanctionne-pour-des-paris-sportifs_62330903.html\" target=\"_blank\" rel=\"noopener\">une suspension de quatre rencontres<\/a>, inflig\u00e9e par la commission de discipline de la Ligue de football professionnel, pour des paris sportifs pass\u00e9s la saison derni\u00e8re.<\/p>\n<p>Vid\u00e9os : en ce moment sur Actu<\/p>\n<p class=\" wall-content\">\n<p class=\" wall-content\">\u00c0 noter \u00e9galement le retour dans le groupe d\u2019<b>Alex Moussounda<\/b>, tandis qu\u2019Adriel Ba Loua, autre recrue hivernale, n\u2019a pas \u00e9t\u00e9 convoqu\u00e9e.<\/p>\n<p class=\" wall-content\"><b>L\u2019\u00e9quipe probable :<\/b> Mandrea \u2013 Sy, Gaucho, Traor\u00e9, Gaudin \u2013 M\u2019Vila, Lebreton, Benrahou, Grandsir \u2013 Mendy, Kyeremeh.<\/p>\n<p class=\" wall-content\">Suivez toute l\u2019actualit\u00e9 de vos villes et m\u00e9dias favoris en vous inscrivant \u00e0 <a href=\"https:\/\/moncompte.actu.fr\" title=\"D\u00e9couvez Mon Actu\" rel=\"nofollow noopener\" data-trk=\"{&quot;cta&quot;:{&quot;action&quot;:&quot;https:\\\/\\\/moncompte.actu.fr&quot;,&quot;category&quot;:&quot;mon compte&quot;,&quot;from&quot;:&quot;article footer&quot;,&quot;name&quot;:&quot;Mon actu&quot;,&quot;type&quot;:&quot;cta&quot;}}\" target=\"_blank\">Mon Actu<\/a>.<\/p>\n<ul class=\"ac-article-tag wall-content\">\n<li><a href=\"https:\/\/actu.fr\/tag\/sport-caen\" data-trk=\"{&quot;cta&quot;:{&quot;action&quot;:&quot;Sport Caen&quot;,&quot;category&quot;:&quot;tag&quot;,&quot;from&quot;:&quot;article footer&quot;,&quot;name&quot;:&quot;Sport Caen&quot;,&quot;type&quot;:&quot;cta&quot;}}\" target=\"_blank\" rel=\"noopener\">#Sport Caen<\/a><\/li>\n<li><a href=\"https:\/\/actu.fr\/tag\/stade-malherbe-de-caen\" data-trk=\"{&quot;cta&quot;:{&quot;action&quot;:&quot;Stade Malherbe de Caen&quot;,&quot;category&quot;:&quot;tag&quot;,&quot;from&quot;:&quot;article footer&quot;,&quot;name&quot;:&quot;Stade Malherbe de Caen&quot;,&quot;type&quot;:&quot;cta&quot;}}\" target=\"_blank\" rel=\"noopener\">#Stade Malherbe de Caen<\/a><\/li>\n<\/ul>\n","protected":false},"excerpt":{"rendered":"Par Nicolas Claich Publi\u00e9 le 11 avr. 2025 \u00e0 10h51 Pour ce match crucial face \u00e0 Rodez, ce&hellip;\n","protected":false},"author":2,"featured_media":19026,"comment_status":"","ping_status":"","sticky":false,"template":"","format":"standard","meta":{"footnotes":""},"categories":[1410],"tags":[63,1011,27,1745,60,266],"class_list":{"0":"post-19025","1":"post","2":"type-post","3":"status-publish","4":"format-standard","5":"has-post-thumbnail","7":"category-football","8":"tag-football","9":"tag-fr","10":"tag-france","11":"tag-sport-caen","12":"tag-sports","13":"tag-stade-malherbe-de-caen"},"share_on_mastodon":{"url":"https:\/\/pubeurope.com\/@fr\/114323034187623358","error":""},"_links":{"self":[{"href":"https:\/\/www.europesays.com\/fr\/wp-json\/wp\/v2\/posts\/19025","targetHints":{"allow":["GET"]}}],"collection":[{"href":"https:\/\/www.europesays.com\/fr\/wp-json\/wp\/v2\/posts"}],"about":[{"href":"https:\/\/www.europesays.com\/fr\/wp-json\/wp\/v2\/types\/post"}],"author":[{"embeddable":true,"href":"https:\/\/www.europesays.com\/fr\/wp-json\/wp\/v2\/users\/2"}],"replies":[{"embeddable":true,"href":"https:\/\/www.europesays.com\/fr\/wp-json\/wp\/v2\/comments?post=19025"}],"version-history":[{"count":0,"href":"https:\/\/www.europesays.com\/fr\/wp-json\/wp\/v2\/posts\/19025\/revisions"}],"wp:featuredmedia":[{"embeddable":true,"href":"https:\/\/www.europesays.com\/fr\/wp-json\/wp\/v2\/media\/19026"}],"wp:attachment":[{"href":"https:\/\/www.europesays.com\/fr\/wp-json\/wp\/v2\/media?parent=19025"}],"wp:term":[{"taxonomy":"category","embeddable":true,"href":"https:\/\/www.europesays.com\/fr\/wp-json\/wp\/v2\/categories?post=19025"},{"taxonomy":"post_tag","embeddable":true,"href":"https:\/\/www.europesays.com\/fr\/wp-json\/wp\/v2\/tags?post=19025"}],"curies":[{"name":"wp","href":"https:\/\/api.w.org\/{rel}","templated":true}]}}