{"id":190254,"date":"2025-06-20T06:17:18","date_gmt":"2025-06-20T06:17:18","guid":{"rendered":"https:\/\/www.europesays.com\/fr\/190254\/"},"modified":"2025-06-20T06:17:18","modified_gmt":"2025-06-20T06:17:18","slug":"lautorite-douaniere-europeenne-a-lille","status":"publish","type":"post","link":"https:\/\/www.europesays.com\/fr\/190254\/","title":{"rendered":"L&rsquo;autorit\u00e9 douani\u00e8re europ\u00e9enne \u00e0 Lille ?"},"content":{"rendered":"\n<p class=\"p1\">Un projet de r\u00e9forme de mai 2023 de l\u2019union douani\u00e8re par la Commission europ\u00e9enne pr\u00e9voyait notamment la cr\u00e9ation d\u2019une plateforme europ\u00e9enne des donn\u00e9es douani\u00e8res, le renforcement des mesures encadrant le e-commerce, et la cr\u00e9ation d\u2019une autorit\u00e9 douani\u00e8re de l\u2019UE, rappelle le gouvernement.<\/p>\n<p class=\"p1\">\u00ab\u2009La cr\u00e9ation de l\u2019Autorit\u00e9 douani\u00e8re de l\u2019Union marque une \u00e9tape d\u00e9cisive dans l\u2019histoire du march\u00e9 int\u00e9rieur. Sa cr\u00e9ation renforcera la protection du territoire et la s\u00e9curit\u00e9 des 450\u00a0millions de citoyens europ\u00e9ens et encouragera l\u2019activit\u00e9 et la croissance \u00e9conomique de notre territoire\u2009\u00bb \u2013 La ministre des Comptes publics Am\u00e9lie de\u00a0Montchalin<\/p>\n","protected":false},"excerpt":{"rendered":"Un projet de r\u00e9forme de mai 2023 de l\u2019union douani\u00e8re par la Commission europ\u00e9enne pr\u00e9voyait notamment la cr\u00e9ation&hellip;\n","protected":false},"author":2,"featured_media":190255,"comment_status":"","ping_status":"","sticky":false,"template":"","format":"standard","meta":{"footnotes":""},"categories":[2815],"tags":[1111,11,1777,674,1011,27,811,20019,1307,12,25,364],"class_list":{"0":"post-190254","1":"post","2":"type-post","3":"status-publish","4":"format-standard","5":"has-post-thumbnail","7":"category-lille","8":"tag-actu","9":"tag-actualites","10":"tag-eu","11":"tag-europe","12":"tag-fr","13":"tag-france","14":"tag-hauts-de-france","15":"tag-lactu-des-expats","16":"tag-lille","17":"tag-news","18":"tag-republique-francaise","19":"tag-union-europeenne"},"share_on_mastodon":{"url":"https:\/\/pubeurope.com\/@fr\/114714236929999701","error":""},"_links":{"self":[{"href":"https:\/\/www.europesays.com\/fr\/wp-json\/wp\/v2\/posts\/190254","targetHints":{"allow":["GET"]}}],"collection":[{"href":"https:\/\/www.europesays.com\/fr\/wp-json\/wp\/v2\/posts"}],"about":[{"href":"https:\/\/www.europesays.com\/fr\/wp-json\/wp\/v2\/types\/post"}],"author":[{"embeddable":true,"href":"https:\/\/www.europesays.com\/fr\/wp-json\/wp\/v2\/users\/2"}],"replies":[{"embeddable":true,"href":"https:\/\/www.europesays.com\/fr\/wp-json\/wp\/v2\/comments?post=190254"}],"version-history":[{"count":0,"href":"https:\/\/www.europesays.com\/fr\/wp-json\/wp\/v2\/posts\/190254\/revisions"}],"wp:featuredmedia":[{"embeddable":true,"href":"https:\/\/www.europesays.com\/fr\/wp-json\/wp\/v2\/media\/190255"}],"wp:attachment":[{"href":"https:\/\/www.europesays.com\/fr\/wp-json\/wp\/v2\/media?parent=190254"}],"wp:term":[{"taxonomy":"category","embeddable":true,"href":"https:\/\/www.europesays.com\/fr\/wp-json\/wp\/v2\/categories?post=190254"},{"taxonomy":"post_tag","embeddable":true,"href":"https:\/\/www.europesays.com\/fr\/wp-json\/wp\/v2\/tags?post=190254"}],"curies":[{"name":"wp","href":"https:\/\/api.w.org\/{rel}","templated":true}]}}