{"id":190258,"date":"2025-06-20T06:19:10","date_gmt":"2025-06-20T06:19:10","guid":{"rendered":"https:\/\/www.europesays.com\/fr\/190258\/"},"modified":"2025-06-20T06:19:10","modified_gmt":"2025-06-20T06:19:10","slug":"la-ministre-de-la-ville-sur-le-terrain-a-marseille","status":"publish","type":"post","link":"https:\/\/www.europesays.com\/fr\/190258\/","title":{"rendered":"La ministre de la Ville sur le terrain \u00e0 Marseille"},"content":{"rendered":"\n<p>Avec \u00ab\u00a0six visites en six mois\u00a0\u00bb \u00e0 Marseille, autant dire que la ministre de la Ville, Juliette M\u00e9adel, tient \u00e0 afficher son suivi des dossiers locaux. Au pied de la r\u00e9sidence des Carmelins, dans le quartier des Grands-Carmes (2e arrondissement), elle constate \u00ab\u00a0des avanc\u00e9es concr\u00e8tes\u00a0\u00bb. \u00ab\u00a0On a d\u00e9j\u00e0 de bons r\u00e9sultats\u00a0: en 6 mois, on a de r\u00e9elles am\u00e9liorations dans les logements sociaux. Cela va mieux, on a moins de probl\u00e8mes de salet\u00e9, des locaux pour les jeunes qui sont r\u00e9habilit\u00e9s\u00a0\u00bb, campe-t-elle lors de cette d\u00e9ambulation. Accompagn\u00e9e par les repr\u00e9sentants de plusieurs bailleurs sociaux locaux bien connus, Erilia, CDC Habitat, Unicil et HMP, elle n\u2019est pas l\u00e0 que pour distribuer les bons points\u00a0: \u00ab\u00a0Je viens dire aux bailleurs qui n\u2019ont pas bien travaill\u00e9 qu\u2019il y aura des sanctions financi\u00e8res au 15\u00a0juillet\u00a0\u00bb.<\/p>\n<p>La carotte et le b\u00e2ton donc. Les bailleurs ont jusqu\u2019\u00e0 cette date pour rendre \u00ab\u00a0leur plan d\u2019action sur la base de constats qu\u2019on a pu faire dans certains quartiers\u00a0\u00bb. Parmi eux, CDC Habitat, Erillia et 13 Habitat sont dans le viseur de Juliette M\u00e9adel. \u00ab\u00a0Attention, ils ne sont pas en faute partout. Ici [aux Grands-Carmes, Ndlr.], ce qu\u2019on a vu de la CDC, c\u2019est tr\u00e8s bien. On les sanctionnera l\u00e0 o\u00f9 \u00e7a ne va pas\u00a0\u00bb, pr\u00e9cise la ministre. Si elle loue le travail commun des bailleurs, elle reste critique\u00a0: \u00ab\u00a0Ils sont en difficult\u00e9 dans quelques quartiers, chacun dans 4 ou 5. On a mis en place une proc\u00e9dure contradictoire\u00a0: on leur laisse le temps de se justifier, qu\u2019ils expliquent leur responsabilit\u00e9 ou pas. \u00c0 partir du 15\u00a0juillet, ils seront sanctionn\u00e9s\u00a0: ils perdront l\u2019aide de l\u2019\u00e9tat pour prendre en charge l\u2019abattement TFPB (taxe fonci\u00e8re sur les propri\u00e9t\u00e9s b\u00e2ties), c\u2019est 12\u00a0millions\u00a0\u00bb. Un dispositif qui s\u2019applique notamment dans les quartiers prioritaires de la politique de la ville.<\/p>\n<p> \u00ab C\u2019est gr\u00e2ce aux habitants\u00a0\u00bb\n              <\/p>\n<p>Reste que sur le terrain, l\u2019heure n\u2019est pas \u00e0 l\u2019affichage des mauvais \u00e9l\u00e8ves. Dans ce quartier jug\u00e9 difficile par la ministre, elle demande quelle est \u00ab\u00a0l\u2019\u00e9volution des frais d\u2019entretien\u00a0\u00bb au regard de \u00ab\u00a0l\u2019installation pr\u00e9gnante du deal\u00a0\u00bb. R\u00e9mi Attuyt, coordinateur territorial d\u2019Unicil \u00e0 la politique de la ville, explique que l\u2019enveloppe \u00ab\u00a0a doubl\u00e9\u00a0\u00bb. \u00ab\u00a0C\u2019est 500\u00a0000\u00a0euros en 2024\u00a0\u00bb, compl\u00e8te S\u00e9bastien Garcia, responsable du p\u00f4le s\u00e9curit\u00e9 et tranquillit\u00e9 r\u00e9sidentielle. Ce dernier vante la cr\u00e9ation d\u2019une \u00e9quipe interne \u00e0 Unicil ax\u00e9e sur le vivre ensemble\u00a0: l\u2019\u00e9quipe mobile de tranquillit\u00e9 r\u00e9sidentielle. \u00ab\u00a0On essaie d\u2019apporter une r\u00e9ponse \u00e0 nos colocataires dans la m\u00e9diation, dans la pr\u00e9vention. C\u2019est le terrain qui pr\u00e9vaut, on trouve des solutions pragmatiques\u00a0\u00bb, d\u00e9veloppe-t-il. Plus globalement, la pr\u00e9f\u00e8te d\u00e9l\u00e9gu\u00e9e \u00e0 l\u2019\u00e9galit\u00e9 des chances, Isabelle Paillard, souligne \u00ab\u00a0la mobilisation et l\u2019unit\u00e9 des diff\u00e9rents acteurs pour accompagner les bailleurs\u00a0\u00bb. Cela fait le lien avec son approche transversale de la politique de la ville. \u00ab\u00a0Je veux qu\u2019on concentre nos moyens financiers, politiques et humains sur les enfants. Quand vous avez 9 ans, que votre m\u00e8re travaille la nuit, qu\u2019il n\u2019y a pas beaucoup d\u2019occupations dans le quartier, vous \u00eates la cible des trafiquants\u00a0\u00bb, expliquait-elle plus t\u00f4t aux Assises m\u00e9tropolitaines de la politique de la Ville (lire ci-dessous). D\u2019o\u00f9 l\u2019inauguration de la cr\u00e8che de l\u2019\u0152uf \u00e0 la Busserine, au c\u0153ur d\u2019une mobilisation de longue date des habitants et du groupe de veille du quartier. \u00ab\u00a0Elle a acc\u00e9l\u00e9r\u00e9 le dossier en donnant un coup de semonce au bailleur, mais c\u2019est bien gr\u00e2ce aux actions des habitants et du groupe de veille qu\u2019elle a rouvert\u00a0\u00bb, pr\u00e9cise Anne-Marie Tagawa, membre du groupe de veille de la Busserine.<\/p>\n","protected":false},"excerpt":{"rendered":"Avec \u00ab\u00a0six visites en six mois\u00a0\u00bb \u00e0 Marseille, autant dire que la ministre de la Ville, Juliette M\u00e9adel,&hellip;\n","protected":false},"author":2,"featured_media":190259,"comment_status":"","ping_status":"","sticky":false,"template":"","format":"standard","meta":{"footnotes":""},"categories":[2814],"tags":[1111,11,19461,1777,674,1011,27,884,12,882,25],"class_list":{"0":"post-190258","1":"post","2":"type-post","3":"status-publish","4":"format-standard","5":"has-post-thumbnail","7":"category-marseille","8":"tag-actu","9":"tag-actualites","10":"tag-cdc-habitat","11":"tag-eu","12":"tag-europe","13":"tag-fr","14":"tag-france","15":"tag-marseille","16":"tag-news","17":"tag-provence-alpes-cote-dazur","18":"tag-republique-francaise"},"share_on_mastodon":{"url":"https:\/\/pubeurope.com\/@fr\/114714244788238555","error":""},"_links":{"self":[{"href":"https:\/\/www.europesays.com\/fr\/wp-json\/wp\/v2\/posts\/190258","targetHints":{"allow":["GET"]}}],"collection":[{"href":"https:\/\/www.europesays.com\/fr\/wp-json\/wp\/v2\/posts"}],"about":[{"href":"https:\/\/www.europesays.com\/fr\/wp-json\/wp\/v2\/types\/post"}],"author":[{"embeddable":true,"href":"https:\/\/www.europesays.com\/fr\/wp-json\/wp\/v2\/users\/2"}],"replies":[{"embeddable":true,"href":"https:\/\/www.europesays.com\/fr\/wp-json\/wp\/v2\/comments?post=190258"}],"version-history":[{"count":0,"href":"https:\/\/www.europesays.com\/fr\/wp-json\/wp\/v2\/posts\/190258\/revisions"}],"wp:featuredmedia":[{"embeddable":true,"href":"https:\/\/www.europesays.com\/fr\/wp-json\/wp\/v2\/media\/190259"}],"wp:attachment":[{"href":"https:\/\/www.europesays.com\/fr\/wp-json\/wp\/v2\/media?parent=190258"}],"wp:term":[{"taxonomy":"category","embeddable":true,"href":"https:\/\/www.europesays.com\/fr\/wp-json\/wp\/v2\/categories?post=190258"},{"taxonomy":"post_tag","embeddable":true,"href":"https:\/\/www.europesays.com\/fr\/wp-json\/wp\/v2\/tags?post=190258"}],"curies":[{"name":"wp","href":"https:\/\/api.w.org\/{rel}","templated":true}]}}