{"id":190266,"date":"2025-06-20T06:24:10","date_gmt":"2025-06-20T06:24:10","guid":{"rendered":"https:\/\/www.europesays.com\/fr\/190266\/"},"modified":"2025-06-20T06:24:10","modified_gmt":"2025-06-20T06:24:10","slug":"a-paris-un-meccano-geant-pour-accueillir-plus-dune-centaine-de-nageurs-cet-ete","status":"publish","type":"post","link":"https:\/\/www.europesays.com\/fr\/190266\/","title":{"rendered":"\u00e0 Paris, un Meccano g\u00e9ant pour accueillir plus d\u2019une centaine de nageurs cet \u00e9t\u00e9"},"content":{"rendered":"<p>            Par<br \/>\n        <strong><br \/>\n            <a href=\"https:\/\/actu.fr\/auteur\/joel-nandjui\" title=\"Consulter tous les articles de Joel Nandjui\" target=\"_blank\" rel=\"noopener\">Joel Nandjui<\/a><br \/>\n        <\/strong><\/p>\n<p>        Publi\u00e9 le<\/p>\n<p>            20 juin 2025 \u00e0 6h04        <\/p>\n<p>En contrebas du quai de Grenelle, \u00e0 <a href=\"https:\/\/actu.fr\/paris\/\" target=\"_blank\" rel=\"noopener\">Paris<\/a> (15\u1d49), les vastes travaux d\u2019installation du bassin de baignade dans <a href=\"https:\/\/actu.fr\/tag\/la-seine\" target=\"_blank\" rel=\"noopener\">la Seine<\/a> ont commenc\u00e9. L\u2019\u00eele aux Cygnes en face, la<a href=\"https:\/\/actu.fr\/ile-de-france\/paris_75056\/orages-a-paris-les-magnifiques-images-des-eclairs-pres-de-la-tour-eiffel-la-foudre-est-passee-tout-pres_62773165.html\" target=\"_blank\" rel=\"noopener\"> tour Eiffel<\/a> (7\u1d49) en surplomb, le point d\u2019eau offre un panorama unique. Les nageurs pourront profiter de cette exp\u00e9rience in\u00e9dite d\u00e8s le 5 juillet 2025, une fois leur<a href=\"https:\/\/actu.fr\/ile-de-france\/paris_75056\/baignade-dans-la-seine-a-paris-avant-de-plonger-les-nageurs-devront-passer-un-test-de-natation_62771266.html\" target=\"_blank\" rel=\"noopener\"> test de natation valid\u00e9<\/a>. Se douteront-ils qu\u2019avant cela, il aura fallu pas moins de huit mois pour transformer les rives du fleuve en une v\u00e9ritable plage d\u2019eau douce ? Et que cette innovation trouve sa source bien loin de la capitale, dans l\u2019Ain ?<br \/>En d\u00e9cembre 2024, l\u2019entreprise industrielle fran\u00e7aise Wearth Group remporte l\u2019appel d\u2019offres lanc\u00e9 par la <a href=\"https:\/\/actu.fr\/tag\/mairie-de-paris\" target=\"_blank\" rel=\"noopener\">Ville de Paris<\/a> pour la construction d\u2019un bassin flottant sur le fleuve parisien. Dans la petite ville de Port, o\u00f9 elle est install\u00e9e, le compte \u00e0 rebours est lanc\u00e9.<\/p>\n<p>Un bassin qui trouve sa source bien loin de Paris<\/p>\n<p class=\" wall-content\">\u00ab\u2009Quinze de nos collaborateurs ont \u00e9t\u00e9 monopolis\u00e9s et nous avons recrut\u00e9 un ing\u00e9nieur\u2009\u00bb, retrace Quentin Bresson, directeur des relations institutionnelles du groupe, lors d\u2019une visite de l\u2019impressionnant chantier, mercredi 19 juin 2025. Dans les usines, les \u00e9quipes s\u2019affairent pour construire les flotteurs, les rampes d\u2019acc\u00e8s et les plateformes. \u00ab\u2009Nous avons d\u00fb prendre en compte certaines contraintes comme la navigation fluviale [au centre de <a href=\"https:\/\/actu.fr\/ile-de-france\/paris_75056\/baignade-dans-la-seine-a-paris-les-acteurs-de-l-industrie-fluviale-se-sentent-trahis-par-anne-hidalgo_62452016.html\" target=\"_blank\" rel=\"noopener\">crispations<\/a>] ou la localisation des ponts pour concevoir les plateformes, mais \u00e9galement les exigences r\u00e9glementaires\u2009\u00bb, pr\u00e9cise Quentin Bresson.\u00a0Le projet a aussi \u00e9volu\u00e9 au gr\u00e9 des autorisations et des souhaits de la municipalit\u00e9 dirig\u00e9e par <a href=\"https:\/\/actu.fr\/tag\/anne-hidalgo\" target=\"_blank\" rel=\"noopener\">Anne Hidalgo<\/a> (PS).\u00a0<\/p>\n<p class=\" wall-content\">En juin 2025, la structure finalis\u00e9e quitte l\u2019Ain pour rejoindre les berges de la Seine. C\u2019est au port de<a href=\"https:\/\/actu.fr\/ile-de-france\/paris_75056\/il-faut-des-arguments-solides-pour-faire-venir-du-monde-comment-vit-on-jeune-au-quartier-javel-a-paris_61057095.html\" target=\"_blank\" rel=\"noopener\"> Javel<\/a> que les diff\u00e9rents \u00e9l\u00e9ments de la plateforme ont \u00e9t\u00e9 achemin\u00e9s. L\u00e0, une \u00e9quipe de 12 personnes travaille en continu pour en assembler les diff\u00e9rentes pi\u00e8ces. Dans cet espace, on peut apercevoir les rampes en aluminium couleur or pos\u00e9es sur l\u2019asphalte, les grues qui soul\u00e8vent les pontons recouverts de bois, ou encore de grandes plateformes m\u00e9talliques plac\u00e9es \u00e0 la verticale.<\/p>\n<p>    <img   decoding=\"async\" loading=\"lazy\" src=\"https:\/\/www.europesays.com\/fr\/wp-content\/uploads\/2025\/06\/whatsapp-image-2025-06-18-at-175837-960x640.jpeg\" alt=\"L'un des rampes d'acc\u00e8s du site.\" width=\"960\" height=\"640\"\/><br \/>\n    L\u2019un des rampes d\u2019acc\u00e8s du site. (\u00a9JN\/actu Paris)<\/p>\n<p class=\" wall-content\">Casque sur la t\u00eate, Virginie Segura, la directrice du projet, supervise les op\u00e9rations. \u00ab\u2009L\u2019un des plus gros challenges pour nous a \u00e9t\u00e9 de construire le bassin r\u00e9serv\u00e9 aux enfants. C\u2019est la premi\u00e8re fois qu\u2019on construisait une piscine d\u2019eau douce\u2009\u00bb, souligne-t-elle.<\/p>\n<p>Accessible aux enfants et aux personnes \u00e0 mobilit\u00e9 r\u00e9duite<\/p>\n<p class=\" wall-content\">Arrim\u00e9e \u00e0 la rive, une barge est destin\u00e9e au transport. \u00ab\u2009Ici, nous assemblons les pi\u00e8ces pour ensuite les d\u00e9placer vers le site de la baignade, o\u00f9 elles seront mont\u00e9es\u2009\u00bb, indique Quentin Bresson. Progressivement et lentement, une grue d\u00e9place les structures une par une dans la p\u00e9niche de transport, pendant que les travailleurs finalisent les derni\u00e8res fixations.<\/p>\n<p class=\" wall-content\">Vingt minutes de marche sur les quais, entre les ponts Mirabeau et <a href=\"https:\/\/actu.fr\/ile-de-france\/paris_75056\/paris-fermee-en-urgence-en-aout-la-passerelle-du-pont-bir-hakeim-a-nouveau-accessible-aux-pietons_62352838.html\" target=\"_blank\" rel=\"noopener\">Bir-Hakeim<\/a>, sont n\u00e9cessaires pour rejoindre le site qui accueillera le bassin flottant. L\u2019espace d\u00e9di\u00e9 au public est en cours d\u2019am\u00e9nagement et en attente de la p\u00e9niche pour entamer l\u2019installation d\u00e9finitive qui durera dix jours.<\/p>\n<p class=\" wall-content\">Lorsqu\u2019elle ouvrira ses portes, cette plage au c\u0153ur de Paris pourra accueillir jusqu\u2019\u00e0 150 personnes. Elle sera accessible aux enfants gr\u00e2ce \u00e0 un bassin r\u00e9serv\u00e9, ainsi qu\u2019aux personnes \u00e0 mobilit\u00e9 r\u00e9duite. Deux autres sites ouvriront \u00e0 Paris : le Bras Marie, dans le centre de la capitale, en face \u00e0 l\u2019\u00eele Saint-Louis sur la rive droite, et un dans le 12\u1d49 arrondissement, entre le pont de Bercy et le pont de Tolbiac. Ces deux chantiers ont \u00e9t\u00e9 confi\u00e9s \u00e0 des entreprises diff\u00e9rentes.<\/p>\n<p class=\" wall-content\">Cette premi\u00e8re exp\u00e9rience prendra fin le 31 ao\u00fbt 2025. Les \u00e9quipes de Wearth Group seront \u00e0 nouveau sollicit\u00e9es pour le d\u00e9montage du site de Grenelle. Les Parisiens devront alors attendre un an pour pouvoir profiter \u00e0 nouveau de la vue sur l\u2019\u00eele aux Cygnes, le corps bien au frais.<\/p>\n<p class=\" wall-content\">Suivez toute l\u2019actualit\u00e9 de vos villes et m\u00e9dias favoris en vous inscrivant \u00e0 <a href=\"https:\/\/moncompte.actu.fr\" title=\"D\u00e9couvez Mon Actu\" rel=\"nofollow noopener\" data-trk=\"{&quot;cta&quot;:{&quot;action&quot;:&quot;https:\\\/\\\/moncompte.actu.fr&quot;,&quot;category&quot;:&quot;mon compte&quot;,&quot;from&quot;:&quot;article footer&quot;,&quot;name&quot;:&quot;Mon actu&quot;,&quot;type&quot;:&quot;cta&quot;}}\" target=\"_blank\">Mon Actu<\/a>.<\/p>\n","protected":false},"excerpt":{"rendered":"Par Joel Nandjui Publi\u00e9 le 20 juin 2025 \u00e0 6h04 En contrebas du quai de Grenelle, \u00e0 Paris&hellip;\n","protected":false},"author":2,"featured_media":190267,"comment_status":"","ping_status":"","sticky":false,"template":"","format":"standard","meta":{"footnotes":""},"categories":[1888],"tags":[1111,1928,11,1927,2618,1777,674,1011,27,5353,12,1926,626,1925,32813,25,104],"class_list":{"0":"post-190266","1":"post","2":"type-post","3":"status-publish","4":"format-standard","5":"has-post-thumbnail","7":"category-paris","8":"tag-actu","9":"tag-actu-paris","10":"tag-actualites","11":"tag-actualites-paris","12":"tag-anne-hidalgo","13":"tag-eu","14":"tag-europe","15":"tag-fr","16":"tag-france","17":"tag-la-seine","18":"tag-news","19":"tag-news-paris","20":"tag-paris","21":"tag-paris-news","22":"tag-paris-plages","23":"tag-republique-francaise","24":"tag-societe"},"share_on_mastodon":{"url":"https:\/\/pubeurope.com\/@fr\/114714264652905867","error":""},"_links":{"self":[{"href":"https:\/\/www.europesays.com\/fr\/wp-json\/wp\/v2\/posts\/190266","targetHints":{"allow":["GET"]}}],"collection":[{"href":"https:\/\/www.europesays.com\/fr\/wp-json\/wp\/v2\/posts"}],"about":[{"href":"https:\/\/www.europesays.com\/fr\/wp-json\/wp\/v2\/types\/post"}],"author":[{"embeddable":true,"href":"https:\/\/www.europesays.com\/fr\/wp-json\/wp\/v2\/users\/2"}],"replies":[{"embeddable":true,"href":"https:\/\/www.europesays.com\/fr\/wp-json\/wp\/v2\/comments?post=190266"}],"version-history":[{"count":0,"href":"https:\/\/www.europesays.com\/fr\/wp-json\/wp\/v2\/posts\/190266\/revisions"}],"wp:featuredmedia":[{"embeddable":true,"href":"https:\/\/www.europesays.com\/fr\/wp-json\/wp\/v2\/media\/190267"}],"wp:attachment":[{"href":"https:\/\/www.europesays.com\/fr\/wp-json\/wp\/v2\/media?parent=190266"}],"wp:term":[{"taxonomy":"category","embeddable":true,"href":"https:\/\/www.europesays.com\/fr\/wp-json\/wp\/v2\/categories?post=190266"},{"taxonomy":"post_tag","embeddable":true,"href":"https:\/\/www.europesays.com\/fr\/wp-json\/wp\/v2\/tags?post=190266"}],"curies":[{"name":"wp","href":"https:\/\/api.w.org\/{rel}","templated":true}]}}