{"id":190272,"date":"2025-06-20T06:27:10","date_gmt":"2025-06-20T06:27:10","guid":{"rendered":"https:\/\/www.europesays.com\/fr\/190272\/"},"modified":"2025-06-20T06:27:10","modified_gmt":"2025-06-20T06:27:10","slug":"on-veut-finir-le-travail-et-la-saison-le-paris-basketball-a-une-marche-du-titre-face-a-monaco","status":"publish","type":"post","link":"https:\/\/www.europesays.com\/fr\/190272\/","title":{"rendered":"\u00ab\u00a0On veut finir le travail et la saison\u00a0\u00bb\u00a0: le Paris Basketball \u00e0 une marche du titre face \u00e0 Monaco"},"content":{"rendered":"<p class=\"paragraph text_align_left lp-f-body-02\">De la chaleur de Seine-Saint-Denis, o\u00f9 le mercure d\u00e9passait les 30 degr\u00e9s ce jeudi midi, \u00e0 celle de la salle Gaston-M\u00e9decin de Monaco, o\u00f9 se jouera vendredi soir le match 3 des finales du Championnat de France. Le Paris Basketball est parti \u00e0 13h30 de \u00ab The One Ball \u00bb, son centre d\u2019entra\u00eenement de Noisy-le-Grand, direction l\u2019a\u00e9roport Roissy-Charles-de-Gaulle pour son vol vers la C\u00f4te d\u2019Azur. Apr\u00e8s une derni\u00e8re session \u00e0 la maison et un repas pris \u00e0 la va-vite avant de s\u2019installer dans le car.<\/p>\n<p class=\"paragraph text_align_left lp-f-body-02\">\u00ab 3-0 les gars \u00bb ou \u00ab Vous revenez d\u00e8s samedi \u00bb. Voil\u00e0 les messages adress\u00e9s par les membres du club qui restent dans la capitale pour cette premi\u00e8re \u00ab balle de titre \u00bb. <a href=\"https:\/\/www.leparisien.fr\/sports\/basket\/paris-basketball-monaco-92-67-euphoriques-les-parisiens-ecrasent-monaco-et-se-rapprochent-du-titre-de-champion-17-06-2025-ENQBVTU445GP5ANK3OQ5OXI7KA.php\" target=\"_blank\" rel=\"noreferrer noopener\">Apr\u00e8s deux succ\u00e8s \u00e0 l\u2019Adidas Arena face \u00e0 la Roca Team (94-82 puis 92-67)<\/a>, le Paris Basketball peut devenir champion de France d\u00e8s ce vendredi en cas de troisi\u00e8me victoire de suite. \u00ab L\u2019\u00e9tat d\u2019esprit est de rester tranquille, concentr\u00e9, appuie l\u2019entra\u00eeneur Tiago Splitter. Ce sera le match le plus dur de la saison pour nous \u00bb.<\/p>\n<p class=\"paragraph text_align_left lp-f-body-02\">Le Br\u00e9silien, champion NBA en 2014 (San Antonio Spurs), ne souhaite pas voir la s\u00e9rie s\u2019allonger. \u00ab On ne peut pas y aller en se disant : c\u2019est ok si on perd car il y a un match 4. On veut finir le travail et finir la saison \u00bb, insiste-t-il, en rappelant que Monaco sera \u00ab plus agressif \u00bb et qu\u2019il faut \u00ab s\u2019attendre \u00e0 l\u2019inattendu \u00bb. \u00ab On veut finir le travail, abonde l\u2019ailier fort finlandais Mikael Jantunen. On s\u2019est pr\u00e9par\u00e9 pour ces moments depuis le d\u00e9but la saison \u00bb.<\/p>\n<p>\u00ab C\u2019\u00e9tait un peu la honte \u00bb<\/p>\n<p class=\"paragraph text_align_left lp-f-body-02\">Premier de la saison r\u00e9guli\u00e8re, le Paris Basketball a montr\u00e9 sa capacit\u00e9 \u00e0 avancer en \u00e9quipe. \u00ab Mes joueurs m\u2019ont encore prouv\u00e9 leur capacit\u00e9 \u00e0 hausser le niveau, f\u00e9licite Tiago Splitter. Yakuba (Ouattara), Daulton (Holmes)\u2026 Ils sont arriv\u00e9s au meilleur moment pour montrer leur caract\u00e8re \u00bb. Le tout derri\u00e8re un <a href=\"https:\/\/www.leparisien.fr\/sports\/basket\/paris-basketball-monaco-92-67-nous-navons-encore-rien-accompli-la-mise-en-garde-de-tj-shorts-18-06-2025-6KBDX2UNCBHQVEK723ZW6UD2DA.php\" target=\"_blank\" rel=\"noreferrer noopener\">TJ Shorts, \u00e0 29 points de moyenne<\/a> sur les deux premi\u00e8res sorties. \u00ab 30 points, 28 points\u2026 J\u2019ai l\u2019impression qu\u2019il \u00e9volue \u00e0 ce niveau depuis le d\u00e9but de saison \u00bb, sourit son co\u00e9quipier Jantunen.<\/p>\n<p class=\"paragraph text_align_left lp-f-body-02\">En face, Monaco veut se r\u00e9veiller. Le champion en titre a \u00e9t\u00e9 sonn\u00e9 de sa d\u00e9faite de 25 points \u00e0 Paris mardi soir. \u00ab C\u2019\u00e9tait un peu la honte de perdre de cette mani\u00e8re, soupire \u00c9lie Okobo. On esp\u00e8re deux matchs \u00e0 domicile pour montrer un visage diff\u00e9rent. Celui-l\u00e0 n\u2019\u00e9tait pas beau du tout. Chaque joueur doit \u00e9lever son niveau et monter en puissance. C\u2019est une finale. On n\u2019a rien gagn\u00e9 cette saison. Les vacances, ce n\u2019est pas pour aujourd\u2019hui \u00bb.<\/p>\n<p class=\"paragraph text_align_left lp-f-body-02\">Un match 3 \u00e0 n\u00e9gocier sans le ma\u00eetre \u00e0 jouer Mike James (\u00e9cart\u00e9), ni le pivot allemand Daniel Theis (bless\u00e9). Mais Monaco doit \u00ab \u00eatre fier d\u2019\u00eatre l\u00e0 \u00bb, \u00ab jouer au basket \u00bb et \u00ab se battre \u00bb, conclut l\u2019entra\u00eeneur Vassilis Spanoulis. Sous peine de prendre une nouvelle correction et de laisser le titre repartir \u00e0 Paris d\u00e8s vendredi soir.<\/p>\n","protected":false},"excerpt":{"rendered":"De la chaleur de Seine-Saint-Denis, o\u00f9 le mercure d\u00e9passait les 30 degr\u00e9s ce jeudi midi, \u00e0 celle de&hellip;\n","protected":false},"author":2,"featured_media":190273,"comment_status":"","ping_status":"","sticky":false,"template":"","format":"standard","meta":{"footnotes":""},"categories":[1888],"tags":[11,1465,1777,674,1011,27,12,626,25,60],"class_list":{"0":"post-190272","1":"post","2":"type-post","3":"status-publish","4":"format-standard","5":"has-post-thumbnail","7":"category-paris","8":"tag-actualites","9":"tag-basket","10":"tag-eu","11":"tag-europe","12":"tag-fr","13":"tag-france","14":"tag-news","15":"tag-paris","16":"tag-republique-francaise","17":"tag-sports"},"share_on_mastodon":{"url":"https:\/\/pubeurope.com\/@fr\/114714276204294850","error":""},"_links":{"self":[{"href":"https:\/\/www.europesays.com\/fr\/wp-json\/wp\/v2\/posts\/190272","targetHints":{"allow":["GET"]}}],"collection":[{"href":"https:\/\/www.europesays.com\/fr\/wp-json\/wp\/v2\/posts"}],"about":[{"href":"https:\/\/www.europesays.com\/fr\/wp-json\/wp\/v2\/types\/post"}],"author":[{"embeddable":true,"href":"https:\/\/www.europesays.com\/fr\/wp-json\/wp\/v2\/users\/2"}],"replies":[{"embeddable":true,"href":"https:\/\/www.europesays.com\/fr\/wp-json\/wp\/v2\/comments?post=190272"}],"version-history":[{"count":0,"href":"https:\/\/www.europesays.com\/fr\/wp-json\/wp\/v2\/posts\/190272\/revisions"}],"wp:featuredmedia":[{"embeddable":true,"href":"https:\/\/www.europesays.com\/fr\/wp-json\/wp\/v2\/media\/190273"}],"wp:attachment":[{"href":"https:\/\/www.europesays.com\/fr\/wp-json\/wp\/v2\/media?parent=190272"}],"wp:term":[{"taxonomy":"category","embeddable":true,"href":"https:\/\/www.europesays.com\/fr\/wp-json\/wp\/v2\/categories?post=190272"},{"taxonomy":"post_tag","embeddable":true,"href":"https:\/\/www.europesays.com\/fr\/wp-json\/wp\/v2\/tags?post=190272"}],"curies":[{"name":"wp","href":"https:\/\/api.w.org\/{rel}","templated":true}]}}