{"id":190281,"date":"2025-06-20T06:32:10","date_gmt":"2025-06-20T06:32:10","guid":{"rendered":"https:\/\/www.europesays.com\/fr\/190281\/"},"modified":"2025-06-20T06:32:10","modified_gmt":"2025-06-20T06:32:10","slug":"allemagne-les-prix-a-la-production-superieurs-aux-attentes-en-mai-boursorama","status":"publish","type":"post","link":"https:\/\/www.europesays.com\/fr\/190281\/","title":{"rendered":"Allemagne : les prix \u00e0 la production sup\u00e9rieurs aux attentes en mai &#8211; Boursorama"},"content":{"rendered":"<ol>\n<li><a href=\"https:\/\/news.google.com\/rss\/articles\/CBMi2wFBVV95cUxPLVM2WmJEc2R2NzZ0U01xbUNQWkttRldqcmYwYk92ZkFKZHk0bGlaYlNoRFhUdi1kQ1RWSUNSMUs2RGZlclJkeW5FMHZJMHlkMy1UYlZsbFUwYkhQN29YeFY3bkVOaUh6dXRVbEJrOTgzX1NycklWU0M1RzJKRTdHOGNSR0FLSzBZSy0zclBfdXRoenlMTWMtZl9iVkp3Wm1zenAxMGp2eHpaekJsN1hwSjRRcm56MnFzWnNmNW1wZzMtS3dITHQzUTlYVUZtb2NGMnNjdXJwQ2d0dFXSAeABQVVfeXFMT2lqTVdaaWxkQmR0dGVjX29VNEx4Mzdrd0g1ZnFwNXJHclQwNVRSVmhxUDZwbUQ0T1QzWHpkd0ZSNld5TUxwUmNvWFJzcUR0QUphVW1EbFhsU3VqSDRQbGcxaTZVM0o3X2pMRGdLVDFoZmJoVXZxaklVNU43Vk9Nc3BQcG5wWHd0aUpLOV9qVXd3NmZvTVZUZEZUWVdzc1NGNnozYmoxMjNuOUNrLU9ZV29TQTZ4dHlGb1haSVYwTXZ6M1padklzaHZ5ZzJlTUtYSG1sX1dFN1NSSm4ydDVrX3M?oc=5\" target=\"_blank\" rel=\"nofollow noopener\">Allemagne : les prix \u00e0 la production sup\u00e9rieurs aux attentes en mai<\/a>&nbsp;&nbsp;Boursorama<\/li>\n<li><a href=\"https:\/\/news.google.com\/rss\/articles\/CBMivAFBVV95cUxNNngxNUdaMDE1LXRlaEk4ZVZ4WFpIS1JZOVRaV0Z3N1U3VXQ2VWNFZHg2VlBXVFh2VktTeldrNU5NLWVnUEZwWndJV3ZmQUFMQUxRUzVsT3h2QkRMb1NvanBLcEc2eHFGSlNoNG82YUJCN3BaNFI2X2gwZ0xCWVRMX0FkZUZiWmluR2VWMmszVkE2dEdFS3p2RUJMVW1NY1dUNDhsZkNpRVZWWnRhcERsc3BkYUVXUkFweGtMSA?oc=5\" target=\"_blank\" rel=\"nofollow noopener\">Les prix \u00e0 la production allemands reculent de 1,2 % sur un an en mai<\/a>&nbsp;&nbsp;Zonebourse Suisse<\/li>\n<li><a href=\"https:\/\/news.google.com\/rss\/articles\/CBMiwAFBVV95cUxPZ3BFaU1qTGRaTkZ5NlB0V0NBZzJkYTVnT3VVRmdhYVVVVGlGNXRVOHpVSUZfMGxreEJuOUZ0TzNkTnF6dlJORHYtRV9LU1hsd3NvQU5tWXJJLVA3ZkFKY0R6NFl1VFRlT2ZrS2hQVWRwclBtcEFUWVNUZThNNlMzTDlCbnVLNms2MDFtOEdYX0F5MU1BSk9jem5ndUtzUlVWc0pGV1V6WmlZTnRHT2phTkhVbS04NUE0UlVMeXl3WUM?oc=5\" target=\"_blank\" rel=\"nofollow noopener\">Allemagne: Les prix \u00e0 la production reculent de 1,2% en mai sur un an<\/a>&nbsp;&nbsp;Boursier.com<\/li>\n<li><a href=\"https:\/\/news.google.com\/rss\/articles\/CBMixAFBVV95cUxNMEoxUVh5bk5oVUlyVFJLZXh1Y2FOQ2tQbFoxWElZWXBxNWZ4UTNHU0ZLRkZ2VUpoR3hfTzlkUHVTbGg5RkhubTV0LUdHdXpkU0RjWTlNR2ZJemhJRV8xeWFud3NEUzB5d0hTSFhDSUcyQUZlNlV0SGVCaW54Mk5DSTRMaVpoMFhTTkpheWUtZUM5dDhmMlR3NmhXVG5aanpRdTlCWEZDZEZTSUNQSGNPWkNfUzhhUkpqV3RKTGdxSjFnWTVL?oc=5\" target=\"_blank\" rel=\"nofollow noopener\">Allemagne : L&rsquo;inflation IPCH confirm\u00e9e \u00e0 2,1% sur un en mai<\/a>&nbsp;&nbsp;Les Echos<\/li>\n<li><a href=\"https:\/\/news.google.com\/rss\/articles\/CBMioAFBVV95cUxNYjdPeTZrd3hfbUt5Q2g0NjNDVHVENTZCQVFzeFdOOHg4cmYteUpYMFZ3Q25LZDNTQXhjQ0padXRocmdoQWthT3h0aHpvS0hLaDBpRmtMZlplV1RMdE5Od2dZSGlzN3o1NFphQ1B5a2ZqMVVlU1pyOXlkdFY1Q01oWDJ2OXh1RDBGX2NtZ2JkckppcWdOM09DRFF2UjhZc05J?oc=5\" target=\"_blank\" rel=\"nofollow noopener\">L\u2019inflation allemande ralentit \u00e0 2,1% en mai<\/a>&nbsp;&nbsp;Investing.com France<\/li>\n<\/ol>\n","protected":false},"excerpt":{"rendered":"Allemagne : les prix \u00e0 la production sup\u00e9rieurs aux attentes en mai&nbsp;&nbsp;Boursorama Les prix \u00e0 la production allemands&hellip;\n","protected":false},"author":2,"featured_media":9135,"comment_status":"","ping_status":"","sticky":false,"template":"","format":"standard","meta":{"footnotes":""},"categories":[1587],"tags":[400,11,672,398,408,1804,405,1805,1803,1777,674,1801,403,402,399,404,12,1802,401,406,407],"class_list":{"0":"post-190281","1":"post","2":"type-post","3":"status-publish","4":"format-standard","5":"has-post-thumbnail","7":"category-allemagne","8":"tag-action-cac-40","9":"tag-actualites","10":"tag-allemagne","11":"tag-bourse-de-paris","12":"tag-boursorama","13":"tag-bundesrepublik-deutschland","14":"tag-cotations","15":"tag-de","16":"tag-deutschland","17":"tag-eu","18":"tag-europe","19":"tag-germany","20":"tag-indices-devises","21":"tag-investir","22":"tag-investissement","23":"tag-marche-boursier","24":"tag-news","25":"tag-republique-federale-dallemagne","26":"tag-sicav","27":"tag-trackers","28":"tag-warrants"},"share_on_mastodon":{"url":"https:\/\/pubeurope.com\/@fr\/114714295840755055","error":""},"_links":{"self":[{"href":"https:\/\/www.europesays.com\/fr\/wp-json\/wp\/v2\/posts\/190281","targetHints":{"allow":["GET"]}}],"collection":[{"href":"https:\/\/www.europesays.com\/fr\/wp-json\/wp\/v2\/posts"}],"about":[{"href":"https:\/\/www.europesays.com\/fr\/wp-json\/wp\/v2\/types\/post"}],"author":[{"embeddable":true,"href":"https:\/\/www.europesays.com\/fr\/wp-json\/wp\/v2\/users\/2"}],"replies":[{"embeddable":true,"href":"https:\/\/www.europesays.com\/fr\/wp-json\/wp\/v2\/comments?post=190281"}],"version-history":[{"count":0,"href":"https:\/\/www.europesays.com\/fr\/wp-json\/wp\/v2\/posts\/190281\/revisions"}],"wp:featuredmedia":[{"embeddable":true,"href":"https:\/\/www.europesays.com\/fr\/wp-json\/wp\/v2\/media\/9135"}],"wp:attachment":[{"href":"https:\/\/www.europesays.com\/fr\/wp-json\/wp\/v2\/media?parent=190281"}],"wp:term":[{"taxonomy":"category","embeddable":true,"href":"https:\/\/www.europesays.com\/fr\/wp-json\/wp\/v2\/categories?post=190281"},{"taxonomy":"post_tag","embeddable":true,"href":"https:\/\/www.europesays.com\/fr\/wp-json\/wp\/v2\/tags?post=190281"}],"curies":[{"name":"wp","href":"https:\/\/api.w.org\/{rel}","templated":true}]}}