{"id":190296,"date":"2025-06-20T06:41:12","date_gmt":"2025-06-20T06:41:12","guid":{"rendered":"https:\/\/www.europesays.com\/fr\/190296\/"},"modified":"2025-06-20T06:41:12","modified_gmt":"2025-06-20T06:41:12","slug":"qualifie-pour-les-quarts-du-queens-rinderknech-defiera-alcaraz","status":"publish","type":"post","link":"https:\/\/www.europesays.com\/fr\/190296\/","title":{"rendered":"qualifi\u00e9 pour les quarts du Queen\u2019s, Rinderknech d\u00e9fiera Alcaraz"},"content":{"rendered":"<p>Le Fran\u00e7ais Arthur Rinderknech a prolong\u00e9 sa belle semaine sur l\u2019herbe du Queen\u2019s avec une victoire contre l\u2019Am\u00e9ricain Reilly Opelka, jeudi, qui l\u2019envoie en quarts de finale face au favori du tournoi Carlos Alcaraz.<\/p>\n<p class=\"fig-paragraph\">Le \u00ablucky loser\u00bb, rep\u00each\u00e9 dans le tableau principal apr\u00e8s un forfait, a domin\u00e9 Opelka (75e mondial) en deux manches 7-5, 7-6 (7\/3), jeudi, deux jours apr\u00e8s avoir fait tomber le 10e mondial, Ben Shelton.<\/p>\n<p class=\"fig-paragraph\">Rinderknech (80e mondial) atteint les quarts de finale d&rsquo;un tournoi sur herbe pour la seconde fois seulement de sa carri\u00e8re, deux ans apr\u00e8s une performance similaire \u00e0 Majorque. Le Fran\u00e7ais de 29 ans\u00a0<a href=\"http:\/\/www.lefigaro.fr\/sports\/tennis\/tennis-pousse-dans-ses-derniers-retranchements-au-queen-s-alcaraz-s-en-sort-au-bout-du-suspense-20250619\" data-fig-type=\"NewsFlash\" data-gtm-custom-categorie=\"navigation\" data-gtm-custom-action=\"crossclick\" data-gtm-custom-label=\"Contextuel\" data-gtm-event=\"customEventSPE\" data-fig-domain=\"LEFIGARO\" target=\"_blank\" rel=\"noopener\">va d\u00e9fier l&rsquo;Espagnol Carlos Alcaraz\u00a0<\/a>qui l&rsquo;avait battu au premier tour du Queen&rsquo;s en 2023, avant de remporter le tournoi.<\/p>\n","protected":false},"excerpt":{"rendered":"Le Fran\u00e7ais Arthur Rinderknech a prolong\u00e9 sa belle semaine sur l\u2019herbe du Queen\u2019s avec une victoire contre l\u2019Am\u00e9ricain&hellip;\n","protected":false},"author":2,"featured_media":190297,"comment_status":"","ping_status":"","sticky":false,"template":"","format":"standard","meta":{"footnotes":""},"categories":[1415],"tags":[47,4169,525,7779,1981,4178,4179,1011,27,1114,3996,4177,4176,4174,4175,1980,4171,60,1467,4172,4173,4170],"class_list":{"0":"post-190296","1":"post","2":"type-post","3":"status-publish","4":"format-standard","5":"has-post-thumbnail","7":"category-tennis","8":"tag-actualite","9":"tag-atp","10":"tag-calendrier","11":"tag-carlos-alcaraz","12":"tag-classement","13":"tag-coupe-davis","14":"tag-fed-cup","15":"tag-fr","16":"tag-france","17":"tag-infos","18":"tag-jeux-olympiques","19":"tag-masters-1000","20":"tag-masters-500","21":"tag-masters-series","22":"tag-open-daustralie","23":"tag-resultats","24":"tag-roland-garros","25":"tag-sports","26":"tag-tennis","27":"tag-us-open","28":"tag-wimbledon","29":"tag-wta"},"share_on_mastodon":{"url":"https:\/\/pubeurope.com\/@fr\/114714331248677990","error":""},"_links":{"self":[{"href":"https:\/\/www.europesays.com\/fr\/wp-json\/wp\/v2\/posts\/190296","targetHints":{"allow":["GET"]}}],"collection":[{"href":"https:\/\/www.europesays.com\/fr\/wp-json\/wp\/v2\/posts"}],"about":[{"href":"https:\/\/www.europesays.com\/fr\/wp-json\/wp\/v2\/types\/post"}],"author":[{"embeddable":true,"href":"https:\/\/www.europesays.com\/fr\/wp-json\/wp\/v2\/users\/2"}],"replies":[{"embeddable":true,"href":"https:\/\/www.europesays.com\/fr\/wp-json\/wp\/v2\/comments?post=190296"}],"version-history":[{"count":0,"href":"https:\/\/www.europesays.com\/fr\/wp-json\/wp\/v2\/posts\/190296\/revisions"}],"wp:featuredmedia":[{"embeddable":true,"href":"https:\/\/www.europesays.com\/fr\/wp-json\/wp\/v2\/media\/190297"}],"wp:attachment":[{"href":"https:\/\/www.europesays.com\/fr\/wp-json\/wp\/v2\/media?parent=190296"}],"wp:term":[{"taxonomy":"category","embeddable":true,"href":"https:\/\/www.europesays.com\/fr\/wp-json\/wp\/v2\/categories?post=190296"},{"taxonomy":"post_tag","embeddable":true,"href":"https:\/\/www.europesays.com\/fr\/wp-json\/wp\/v2\/tags?post=190296"}],"curies":[{"name":"wp","href":"https:\/\/api.w.org\/{rel}","templated":true}]}}