{"id":190298,"date":"2025-06-20T06:42:17","date_gmt":"2025-06-20T06:42:17","guid":{"rendered":"https:\/\/www.europesays.com\/fr\/190298\/"},"modified":"2025-06-20T06:42:17","modified_gmt":"2025-06-20T06:42:17","slug":"le-bordeaux-3x3-pro-se-devoile-et-va-integrer-le-circuit-mondial","status":"publish","type":"post","link":"https:\/\/www.europesays.com\/fr\/190298\/","title":{"rendered":"le Bordeaux 3\u00d73\u00a0Pro se d\u00e9voile et va int\u00e9grer le circuit mondial"},"content":{"rendered":"<p>Bordeaux entre dans le monde du basket 3&#215;3 : la ville accueille sa premi\u00e8re \u00e9quipe professionnelle avec la cr\u00e9ation du \u00ab\u00a0Bordeaux 3&#215;3 Pro\u00a0\u00bb, port\u00e9e par Alex Vialaret, ancien capitaine de l\u2019\u00e9quipe de France et m\u00e9daill\u00e9 de bronze aux Mondiaux 2022, et Eddy Steiner, meneur des JSA-BMB, club de la m\u00e9tropole.<\/p>\n<p>Ce format de jeu, n\u00e9 sur les playgrounds du monde entier, oppose deux \u00e9quipes de trois joueurs sur un demi-terrain, o\u00f9 la premi\u00e8re des deux \u00e0 21 points l\u2019emporte. Plus dynamique et simple \u00e0 organiser que son cousin \u00e0 cinq, ce sport a int\u00e9gr\u00e9 la FIBA en 2012, s\u2019est fray\u00e9 un chemin jusqu\u2019aux JO de Tokyo en 2021, avant d\u2019irr\u00e9vocablement s\u2019imposer \u00e0 Paris 2024. Il brillera \u00e0 nouveau \u00e0 Los Angeles en 2028, sur ses terres d\u2019origine.<\/p>\n<p>        <img decoding=\"async\" id=\"23698366\" src=\"https:\/\/www.europesays.com\/fr\/wp-content\/uploads\/2025\/06\/duf08741.jpg\" alt=\"Une partie du roster du Bordeaux 3x3 Pro - (de gauche \u00e0 droite) Emmanuel Monceau, Alex Vialaret, Eddy Steiner (en bleu) et Baptiste Ogier\" itemprop=\"contentURL\"\/><\/p>\n<p>    Une partie du roster du Bordeaux 3&#215;3 Pro &#8211; (de gauche \u00e0 droite) Emmanuel Monceau, Alex Vialaret, Eddy Steiner (en bleu) et Baptiste Ogier<\/p>\n<p>@__doums___<\/p>\n<p>    Un acteur local<\/p>\n<p>Le club girondin est n\u00e9 de l\u2019association \u00ab\u00a0Bordeaux 3&#215;3 Ballistik\u00a0\u00bb, cr\u00e9\u00e9e en 2016 pour promouvoir la pratique dans la r\u00e9gion bordelaise. \u00ab\u00a0On a voulu montrer ce qu\u2019\u00e9tait la pratique aux Bordelais, ce qu\u2019est le basket 3&#215;3, en cherchant \u00e0 inspirer les plus jeunes, \u00e0 transmettre notre vocation, mais aussi leur permettre de jouer\u00a0\u00bb, confie Eddy Steiner. \u00ab\u00a0On voulait proposer la pratique du 3&#215;3 que personne ne proposait \u00e0 l\u2019\u00e9poque. Car le 3&#215;3 c\u2019est certes un sport, mais c\u2019est avant tout une culture li\u00e9e au basket.\u00a0\u00bb Un effort de plusieurs ann\u00e9es, visant \u00e0 cr\u00e9er une communaut\u00e9 bordelaise autour du basket sur demi-terrain.<\/p>\n<blockquote><p>\u00ab Ce n\u2019est pas une \u00e9quipe \u00ab\u00a0juste\u00a0\u00bb pour \u00eatre sur le circuit mondial, c\u2019est aussi avoir des joueurs pro d\u00e9di\u00e9s \u00e0 la pratique \u00bb<\/p><\/blockquote>\n<p>Fort des \u00e9v\u00e9nements qu\u2019il organise partout dans la m\u00e9tropole depuis quelque temps, le \u00ab\u00a0Bordeaux 3&#215;3 Pro\u00a0\u00bb part sur de solides bases. Entre la B3L, une ligue \u00ab\u00a0faite maison\u00a0\u00bb, o\u00f9 tous les mois, dans un gymnase diff\u00e9rent des clubs de la ville, des joueurs amateurs s\u2019affrontent, et l\u2019acad\u00e9mie, qui permet aux adh\u00e9rents du club de s\u2019entra\u00eener au Palais des sports chaque lundi soir (19h30 &#8211; 21h). Rajoutez \u00e0 \u00e7a le \u00ab\u00a0Street Tour\u00a0\u00bb, projet visant \u00e0 organiser directement des matchs en ext\u00e9rieur, pour y retrouver l\u2019essence m\u00eame du 3&#215;3 et le \u00ab\u00a0Bx 3&#215;3 Pro\u00a0\u00bb part sur de solides bases, \u00e9tant, avant m\u00eame ses premiers matchs officiels, un acteur majeur du basket \u00e0 Bordeaux.<\/p>\n<p>Professionnaliser le 3&#215;3<\/p>\n<p>\u00ab\u00a0Car le 3&#215;3 pro, ce n\u2019est pas une \u00e9quipe \u00ab\u00a0juste\u00a0\u00bb pour \u00eatre sur le circuit mondial, c\u2019est aussi avoir des joueurs pro d\u00e9di\u00e9s \u00e0 la pratique, d\u00e9clare Axel Vialaret. \u00ab\u00a0On a d\u00e9j\u00e0 une \u00e9quipe f\u00e9minine inscrite sur le circuit mondial, avec des joueuses qui sont professionnelles en 5&#215;5\u00a0\u00bb. Le circuit f\u00e9minin \u00e9tant \u00e9tal\u00e9 sur quatre mois en \u00e9t\u00e9, entre deux saisons, a contrario de celui des hommes, qui, lui, s\u2019\u00e9tend sur toute l\u2019ann\u00e9e.<\/p>\n<p>    Qu\u2019est-ce que le circuit mondial (FIBA 3&#215;3 World Tour)\u00a0?<br \/>\nLe FIBA 3&#215;3 Pro Circuit repose sur le syst\u00e8me de comp\u00e9titions FIBA 3&#215;3 pour les \u00e9quipes professionnelles repr\u00e9sentant leur ville. Le circuit pro comprend le FIBA 3&#215;3 World Tour, les FIBA 3&#215;3 Women\u2019s Series, lanc\u00e9s en 2019, ainsi que les Challengers et les Quests qui constituent les tournois qualificatifs du World Tour.<\/p>\n<p>Un effort soutenu par la F\u00e9d\u00e9ration fran\u00e7aise de basketball, qui, depuis 2015, investit dans le d\u00e9veloppement de la pratique. \u00ab\u00a0La France est le pays moteur sur le d\u00e9veloppement du 3&#215;3. La philosophie de la F\u00e9d\u00e9 internationale a \u00e9t\u00e9 de confier ces organisations-l\u00e0 \u00e0 des soci\u00e9t\u00e9s priv\u00e9es, alors que nous nous sommes toujours battus pour garder les organisations et les ma\u00eetriser. Aujourd\u2019hui, on a pu donner des moyens et des possibilit\u00e9s \u00e0 des joueurs de devenir professionnels et de pouvoir se d\u00e9velopper au plus haut niveau mondial\u00a0\u00bb, se f\u00e9licite Jean-Pierre Hunckler.<\/p>\n","protected":false},"excerpt":{"rendered":"Bordeaux entre dans le monde du basket 3&#215;3 : la ville accueille sa premi\u00e8re \u00e9quipe professionnelle avec la&hellip;\n","protected":false},"author":2,"featured_media":190299,"comment_status":"","ping_status":"","sticky":false,"template":"","format":"standard","meta":{"footnotes":""},"categories":[1414],"tags":[1465,1464,1011,27,60],"class_list":{"0":"post-190298","1":"post","2":"type-post","3":"status-publish","4":"format-standard","5":"has-post-thumbnail","7":"category-basket","8":"tag-basket","9":"tag-basketball","10":"tag-fr","11":"tag-france","12":"tag-sports"},"share_on_mastodon":{"url":"https:\/\/pubeurope.com\/@fr\/114714335613981811","error":""},"_links":{"self":[{"href":"https:\/\/www.europesays.com\/fr\/wp-json\/wp\/v2\/posts\/190298","targetHints":{"allow":["GET"]}}],"collection":[{"href":"https:\/\/www.europesays.com\/fr\/wp-json\/wp\/v2\/posts"}],"about":[{"href":"https:\/\/www.europesays.com\/fr\/wp-json\/wp\/v2\/types\/post"}],"author":[{"embeddable":true,"href":"https:\/\/www.europesays.com\/fr\/wp-json\/wp\/v2\/users\/2"}],"replies":[{"embeddable":true,"href":"https:\/\/www.europesays.com\/fr\/wp-json\/wp\/v2\/comments?post=190298"}],"version-history":[{"count":0,"href":"https:\/\/www.europesays.com\/fr\/wp-json\/wp\/v2\/posts\/190298\/revisions"}],"wp:featuredmedia":[{"embeddable":true,"href":"https:\/\/www.europesays.com\/fr\/wp-json\/wp\/v2\/media\/190299"}],"wp:attachment":[{"href":"https:\/\/www.europesays.com\/fr\/wp-json\/wp\/v2\/media?parent=190298"}],"wp:term":[{"taxonomy":"category","embeddable":true,"href":"https:\/\/www.europesays.com\/fr\/wp-json\/wp\/v2\/categories?post=190298"},{"taxonomy":"post_tag","embeddable":true,"href":"https:\/\/www.europesays.com\/fr\/wp-json\/wp\/v2\/tags?post=190298"}],"curies":[{"name":"wp","href":"https:\/\/api.w.org\/{rel}","templated":true}]}}