{"id":190310,"date":"2025-06-20T06:48:27","date_gmt":"2025-06-20T06:48:27","guid":{"rendered":"https:\/\/www.europesays.com\/fr\/190310\/"},"modified":"2025-06-20T06:48:27","modified_gmt":"2025-06-20T06:48:27","slug":"royan-larchitecture-de-la-ville-des-annees-1950-au-xxie-siecle-en-images-sud-ouest","status":"publish","type":"post","link":"https:\/\/www.europesays.com\/fr\/190310\/","title":{"rendered":"Royan : l\u2019architecture de la ville des ann\u00e9es 1950 au XXIe si\u00e8cle en images &#8211; Sud Ouest"},"content":{"rendered":"<ol>\n<li><a href=\"https:\/\/news.google.com\/rss\/articles\/CBMi1wFBVV95cUxOTDNtUW1RWFMtbzZrdEhWa2ZWWkh1dEpaVWV4RjhqQ3Y1OUxyRURGVzdOMS1ZeEdDMTVxeHQySTBoRnJOOU95bEFCUGpaU25vSUhCZ1JHOWJHck96SE9LVEw1aU9kdVBoOWFfV004ZndWbGFvRVlwOEJXRl9vRUZwdHUxWWpoM3p6d1RRTHM0TnBvVmxaQUVsS0RTYjdHRkdfU3lobER3cWVTbTBUUWtMQkg3UEI2SDRyczA1c1VGeDdGLVhzUXQ2bDl4NlE0Ymh5Q0dUTzB4UQ?oc=5\" target=\"_blank\" rel=\"nofollow noopener\">Royan : l\u2019architecture de la ville des ann\u00e9es 1950 au XXIe si\u00e8cle en images<\/a>&nbsp;&nbsp;Sud Ouest<\/li>\n<li><a href=\"https:\/\/news.google.com\/rss\/articles\/CBMi3wFBVV95cUxNMUpkdGk0d1R5eGZONTdseGtIdkVpS0JPY0laOTBrVWI5QWc0NFJxZVVQQ29RbE1jZzBSdGlYZlU3TFBZcW44SmExeUtLUlBlNjBfbjYtb0twN0Vzd20zcHFjek1UOG5NTlBwdkRoN09jRUkyTEVBVGwtcUY1dXZyNEpKLXFRdDlrYkdtN3NqU2htYzRYS1p2aFh1V0h3ODJJMEZYSzVFMUx2SmN2b1JrN3lsbURzUjlwYlZLMHBOUmZLZ0dJREo1eVZhTzJRc2JGNUctYWw2dThwY1lOa0J3?oc=5\" target=\"_blank\" rel=\"nofollow noopener\">Inauguration du Front de mer, concerts, soir\u00e9es DJ\u2026 L\u2019\u00e9t\u00e9 sera encore \u00ab show \u00bb \u00e0 Royan<\/a>&nbsp;&nbsp;Sud Ouest<\/li>\n<li><a href=\"https:\/\/news.google.com\/rss\/articles\/CBMilgJBVV95cUxQa1FDakphNHlueFdYNmJ0MEVCdEhMOG92WDVXNUFyUGRKUVBpbjkwQTNvVXl6NkN2YVJJSFp2aXVpc2lJZXJfODVPNkVKYkdwMTZOX1pUdk9tZVpveTNta3M5U1NnbFZ1VFNpTzlDd3Z2YXFod2RoaWY2clRkM2JBYW1pbFNfdjJ0VEw1dmZDYUlyX2xqQkx3cXNBQlV0VTZ3YjN0cGVvTXBaR3F3cXBXd3F2ZnREUnpTcjA5eG16WFRjelVnLVdwcy1FTjN5ckw3UjZwNE9mVzFaLWNHRzhNclpnTU8zMWVOaG5YX3Bzd3hJYk0zMUlvUXp2TVRsNklJYWIzR25Xci1PbjlHbEJJektvaXRIdw?oc=5\" target=\"_blank\" rel=\"nofollow noopener\">\u00ab Le souk d\u2019antan, c\u2019est termin\u00e9 ! \u00bb : embl\u00e8me de la cit\u00e9 baln\u00e9aire, le front de mer de Royan fait peau neuve<\/a>&nbsp;&nbsp;Le Parisien<\/li>\n<li><a href=\"https:\/\/news.google.com\/rss\/articles\/CBMitwFBVV95cUxOakFTckljdGhNODlBemV4Nno5SWVHSVhYOC00a0x2dTZDVTRneU9SSUVWZGZaN1BaR1VCbUhsV08wSXAtV2FPd29SMjZEMHhWUzh1Y1FKWi1pR21fSDBfWFBLbTdKMXVaQ0tkOEZpYVZvb1BseDloX2x0TXd1U1F4TWNYcWh6Y05BdzhfMU5kbzhOWFh2XzU4UFpBWjdfbzlMSEY0c1MzWWlFektnSUNJNWpNbGpmR0E?oc=5\" target=\"_blank\" rel=\"nofollow noopener\">\u00c0 Royan, l&rsquo;architecture des fifties de retour en gr\u00e2ce<\/a>&nbsp;&nbsp;France 24<\/li>\n<\/ol>\n","protected":false},"excerpt":{"rendered":"Royan : l\u2019architecture de la ville des ann\u00e9es 1950 au XXIe si\u00e8cle en images&nbsp;&nbsp;Sud Ouest Inauguration du Front&hellip;\n","protected":false},"author":2,"featured_media":190311,"comment_status":"","ping_status":"","sticky":false,"template":"","format":"standard","meta":{"footnotes":""},"categories":[1358],"tags":[1348,1384,1385,1386,58,59,1011,27],"class_list":{"0":"post-190310","1":"post","2":"type-post","3":"status-publish","4":"format-standard","5":"has-post-thumbnail","7":"category-arts-et-design","8":"tag-arts","9":"tag-arts-and-design","10":"tag-arts-et-design","11":"tag-design","12":"tag-divertissement","13":"tag-entertainment","14":"tag-fr","15":"tag-france"},"share_on_mastodon":{"url":"https:\/\/pubeurope.com\/@fr\/114714358880899879","error":""},"_links":{"self":[{"href":"https:\/\/www.europesays.com\/fr\/wp-json\/wp\/v2\/posts\/190310","targetHints":{"allow":["GET"]}}],"collection":[{"href":"https:\/\/www.europesays.com\/fr\/wp-json\/wp\/v2\/posts"}],"about":[{"href":"https:\/\/www.europesays.com\/fr\/wp-json\/wp\/v2\/types\/post"}],"author":[{"embeddable":true,"href":"https:\/\/www.europesays.com\/fr\/wp-json\/wp\/v2\/users\/2"}],"replies":[{"embeddable":true,"href":"https:\/\/www.europesays.com\/fr\/wp-json\/wp\/v2\/comments?post=190310"}],"version-history":[{"count":0,"href":"https:\/\/www.europesays.com\/fr\/wp-json\/wp\/v2\/posts\/190310\/revisions"}],"wp:featuredmedia":[{"embeddable":true,"href":"https:\/\/www.europesays.com\/fr\/wp-json\/wp\/v2\/media\/190311"}],"wp:attachment":[{"href":"https:\/\/www.europesays.com\/fr\/wp-json\/wp\/v2\/media?parent=190310"}],"wp:term":[{"taxonomy":"category","embeddable":true,"href":"https:\/\/www.europesays.com\/fr\/wp-json\/wp\/v2\/categories?post=190310"},{"taxonomy":"post_tag","embeddable":true,"href":"https:\/\/www.europesays.com\/fr\/wp-json\/wp\/v2\/tags?post=190310"}],"curies":[{"name":"wp","href":"https:\/\/api.w.org\/{rel}","templated":true}]}}