{"id":190316,"date":"2025-06-20T06:51:13","date_gmt":"2025-06-20T06:51:13","guid":{"rendered":"https:\/\/www.europesays.com\/fr\/190316\/"},"modified":"2025-06-20T06:51:13","modified_gmt":"2025-06-20T06:51:13","slug":"voici-le-teaser-de-yoroi","status":"publish","type":"post","link":"https:\/\/www.europesays.com\/fr\/190316\/","title":{"rendered":"voici le teaser de Yoro\u00ef"},"content":{"rendered":"<p>            Par<br \/>\n        <strong><br \/>\n            <a href=\"https:\/\/actu.fr\/auteur\/maxence-gorregues\" title=\"Consulter tous les articles de Maxence Gorregues\" rel=\"nofollow noopener\" target=\"_blank\">Maxence Gorregues<\/a><br \/>\n        <\/strong><\/p>\n<p>        Publi\u00e9 le<\/p>\n<p>            19 juin 2025 \u00e0 18h17        <\/p>\n<p>\u00ab\u2009\u00c7a fait un moment qu\u2019on bosse dessus avec David Tomaszewski \u00e0 la r\u00e9al. \u00c7a s\u2019appelle <b>Yoro\u00ef<\/b>. C\u2019est un film qu\u2019on a \u00e9crit avec David.\u2009\u00bb C\u2019est avec ces mots qu\u2019<b>Orelsan<\/b>, l\u2019un des rappeurs les plus connus en France, pr\u00e9sente son nouveau film. Un clip promotionnel de 55 secondes a \u00e9t\u00e9 publi\u00e9 ce jeudi 19\u00a0juin 2025, pr\u00e9sentant le prochain long-m\u00e9trage de <b>l\u2019artiste originaire de Caen<\/b> (Calvados).<\/p>\n<p>Orelsan et l\u2019armure ancestrale<\/p>\n<p class=\" wall-content\">Apr\u00e8s de longs mois de travail et des d\u00e9placements au Japon, le film sortira le 29\u00a0octobre au cin\u00e9ma. Orelsan se retrouve plong\u00e9 dans un univers fantastique, monde qu\u2019il affectionne tout particuli\u00e8rement depuis son adolescence et qu\u2019il avait explor\u00e9 en partie dans plusieurs albums.<\/p>\n<p class=\" wall-content\">\u00ab\u2009Apr\u00e8s une derni\u00e8re tourn\u00e9e \u00e9prouvante, Aur\u00e9lien d\u00e9cide de s\u2019installer au Japon avec sa femme Nanako, enceinte de leur premier enfant\u2009\u00bb, expose le pitch. \u00ab\u2009Alors que le jeune couple emm\u00e9nage dans une maison traditionnelle dans la campagne japonaise, Aur\u00e9lien d\u00e9couvre dans un puits une armure ancestrale qui va r\u00e9veiller d\u2019\u00e9tranges cr\u00e9atures, les Yoka\u00efs.\u2009\u00bb<\/p>\n<p class=\" wall-content\">Le <b>Yoro\u00ef<\/b> est un type d\u2019armure japonaise traditionnelle port\u00e9e par les samoura\u00efs pendant les p\u00e9riodes m\u00e9di\u00e9vales et de guerre du Japon.<\/p>\n<p>    <a href=\"https:\/\/www.youtube.com\/embed\/e7SI23jSd_4?si=98jNP3DVCFKC24zY\" title=\"Ouvrie le lien\" rel=\"nofollow noopener\" target=\"_blank\">Cliquez ici pour visualiser le contenu<\/a><\/p>\n<p class=\" wall-content\">Sur ces r\u00e9seaux sociaux, au moment des v\u0153ux de la nouvelle ann\u00e9e, <a href=\"https:\/\/actu.fr\/normandie\/caen_14118\/en-images-julien-dore-illumine-le-zenith-de-caen-orelsan-apprecie-joseph-kamel-seclate_62350213.html\" rel=\"nofollow noopener\" target=\"_blank\">Orelsan<\/a> avait \u00e9voqu\u00e9 une <b>grande surprise pour 2025<\/b>, fruit d\u2019un \u00ab\u2009gros travail\u2009\u00bb. On en sait d\u00e9sormais un peu plus. Les fans devront attendre l\u2019automne pour aller plus loin dans la d\u00e9couverte.<\/p>\n<p>Vid\u00e9os : en ce moment sur Actu<\/p>\n<p class=\" wall-content\">Suivez toute l\u2019actualit\u00e9 de vos villes et m\u00e9dias favoris en vous inscrivant \u00e0 <a href=\"https:\/\/moncompte.actu.fr\" title=\"D\u00e9couvez Mon Actu\" rel=\"nofollow noopener\" data-trk=\"{&quot;cta&quot;:{&quot;action&quot;:&quot;https:\\\/\\\/moncompte.actu.fr&quot;,&quot;category&quot;:&quot;mon compte&quot;,&quot;from&quot;:&quot;article footer&quot;,&quot;name&quot;:&quot;Mon actu&quot;,&quot;type&quot;:&quot;cta&quot;}}\" target=\"_blank\">Mon Actu<\/a>.<\/p>\n","protected":false},"excerpt":{"rendered":"Par Maxence Gorregues Publi\u00e9 le 19 juin 2025 \u00e0 18h17 \u00ab\u2009\u00c7a fait un moment qu\u2019on bosse dessus avec&hellip;\n","protected":false},"author":2,"featured_media":190317,"comment_status":"","ping_status":"","sticky":false,"template":"","format":"standard","meta":{"footnotes":""},"categories":[1355],"tags":[650,58,59,1011,27,1652,1361,873,21953],"class_list":{"0":"post-190316","1":"post","2":"type-post","3":"status-publish","4":"format-standard","5":"has-post-thumbnail","7":"category-musique","8":"tag-cinema","9":"tag-divertissement","10":"tag-entertainment","11":"tag-fr","12":"tag-france","13":"tag-loisirs-culture","14":"tag-music","15":"tag-musique","16":"tag-orelsan"},"share_on_mastodon":{"url":"https:\/\/pubeurope.com\/@fr\/114714370703440116","error":""},"_links":{"self":[{"href":"https:\/\/www.europesays.com\/fr\/wp-json\/wp\/v2\/posts\/190316","targetHints":{"allow":["GET"]}}],"collection":[{"href":"https:\/\/www.europesays.com\/fr\/wp-json\/wp\/v2\/posts"}],"about":[{"href":"https:\/\/www.europesays.com\/fr\/wp-json\/wp\/v2\/types\/post"}],"author":[{"embeddable":true,"href":"https:\/\/www.europesays.com\/fr\/wp-json\/wp\/v2\/users\/2"}],"replies":[{"embeddable":true,"href":"https:\/\/www.europesays.com\/fr\/wp-json\/wp\/v2\/comments?post=190316"}],"version-history":[{"count":0,"href":"https:\/\/www.europesays.com\/fr\/wp-json\/wp\/v2\/posts\/190316\/revisions"}],"wp:featuredmedia":[{"embeddable":true,"href":"https:\/\/www.europesays.com\/fr\/wp-json\/wp\/v2\/media\/190317"}],"wp:attachment":[{"href":"https:\/\/www.europesays.com\/fr\/wp-json\/wp\/v2\/media?parent=190316"}],"wp:term":[{"taxonomy":"category","embeddable":true,"href":"https:\/\/www.europesays.com\/fr\/wp-json\/wp\/v2\/categories?post=190316"},{"taxonomy":"post_tag","embeddable":true,"href":"https:\/\/www.europesays.com\/fr\/wp-json\/wp\/v2\/tags?post=190316"}],"curies":[{"name":"wp","href":"https:\/\/api.w.org\/{rel}","templated":true}]}}