{"id":190324,"date":"2025-06-20T06:55:09","date_gmt":"2025-06-20T06:55:09","guid":{"rendered":"https:\/\/www.europesays.com\/fr\/190324\/"},"modified":"2025-06-20T06:55:09","modified_gmt":"2025-06-20T06:55:09","slug":"norbert-tarayre-130-kilos-des-litres-dalcool-par-jour-et-le-foie-a-2-grammes-de-peter","status":"publish","type":"post","link":"https:\/\/www.europesays.com\/fr\/190324\/","title":{"rendered":"Norbert Tarayre : 130 kilos, des litres d\u2019alcool par jour et le foie \u00ab\u00a0\u00e0 2 grammes de p\u00e9ter\u00a0\u00bb"},"content":{"rendered":"<p>Devenu c\u00e9l\u00e8bre gr\u00e2ce \u00e0 Top Chef, <strong><a href=\"https:\/\/www.public.fr\/tag\/norbert-tarayre\" target=\"_blank\" rel=\"noopener\">Norbert Tarayre<\/a> s&rsquo;est tr\u00e8s vite impos\u00e9 \u00e0 la t\u00e9l\u00e9vision<\/strong>. S&rsquo;il a tourn\u00e9 la page du c\u00e9l\u00e8bre concours culinaire, c&rsquo;est aux c\u00f4t\u00e9s de <a href=\"https:\/\/vsd.fr\/79877-affaire-jean-imbert-ce-quen-pense-son-ami-de-longue-date-norbert-tarayre\/\" target=\"_blank\" rel=\"noreferrer noopener\">Jean Imbert<\/a> qu&rsquo;il a v\u00e9ritablement lanc\u00e9 sa carri\u00e8re m\u00e9diatique avec l&rsquo;\u00e9mission Norbert et Jean : le d\u00e9fi. Une \u00e9poque marqu\u00e9e par le succ\u00e8s\u2026 mais aussi par de lourdes \u00e9preuves, notamment <strong>sa lutte contre l&rsquo;alcoolisme<\/strong>.<\/p>\n<p>Dans une r\u00e9cente interview accord\u00e9e \u00e0 Franck Nicolas dans le podcast Unik, le chef s&rsquo;est livr\u00e9 sans filtre sur cette p\u00e9riode sombre de sa vie. <\/p>\n<p>\u00ab\u00a0Pendant\u00a0Norbert et Jean, je suis tout seul \u00e0 l&rsquo;h\u00f4tel, je suis invit\u00e9 dans les soir\u00e9es mondaines, l&rsquo;alcool social [\u2026] <strong>Je commandais des caisses de vin dans la chambre d&rsquo;h\u00f4tel, je n&rsquo;avais pas un mais deux mini-bars, je mettais du ros\u00e9 dedans, j&rsquo;arrachais le bouchon avec les dents et je buvais \u00e7a au goulot.<\/strong> Je mettais l&rsquo;alcool dans des bouteilles vertes de 7Up et puis on ne voyait pas\u00a0\u00bb, s&rsquo;est-il souvenu.<\/p>\n<p>Norbert Tarayre face \u00e0 ses d\u00e9mons<\/p>\n<p>\u00c0 l&rsquo;\u00e9poque, Norbert Tarayre \u00e9tait, selon ses dires, \u00ab\u00a0tomb\u00e9 amoureux de l&rsquo;alcool\u00a0\u00bb. \u00ab\u00a0Je ne buvais pas pour me foutre \u00e0 l&rsquo;envers. Je pense que je suis tomb\u00e9 amoureux de l&rsquo;alcool parce que l&rsquo;alcool me donnait les moyens de ne plus r\u00e9fl\u00e9chir,<strong> j&rsquo;\u00e9tais en train de planer total<\/strong>\u00ab\u00a0, a-t-il expliqu\u00e9. \u00ab\u00a0Des fois, je faisais tomber une caisse de 6 litres, d&rsquo;autres fois, deux caisses. J&rsquo;adorais \u00e7a. Je faisais caf\u00e9 clope et apr\u00e8s ros\u00e9\u00a0\u00bb. <\/p>\n<p>\u00c0 cause de l&rsquo;alcool, les premiers soucis de sant\u00e9 ont rapidement fait leur apparition. \u00ab\u00a0<strong>Je suis mont\u00e9 \u00e0 130 kilos et le m\u00e9decin m&rsquo;a dit :\u00a0&lsquo;Attention, le foie est \u00e0 2 grammes de p\u00e9ter&rsquo;<\/strong>\u00ab\u00a0, s&rsquo;est-il rem\u00e9mor\u00e9 avant d&rsquo;\u00e9voquer <a href=\"https:\/\/www.public.fr\/norbert-tarayre-revelations-sur-une-terrible-tentative-de-suicide\" target=\"_blank\" rel=\"noopener\">un mal-\u00eatre grandissant<\/a> : \u00ab\u00a0Une nuit, \u00e0 3h du matin, il faisait chaud, je me suis ouvert une bouteille, je l&rsquo;ai bue au goulot et puis la porte de la salle de bains s&rsquo;est ferm\u00e9e et il y avait un miroir. Je me suis vu immonde, nu, les traits vraiment marqu\u00e9s [\u2026] Cette nuit-l\u00e0 j&rsquo;ai vid\u00e9 toutes les bouteilles et j&rsquo;ai dit :\u00a0&lsquo;Je ne touche plus \u00e0 l&rsquo;alcool'\u00a0\u00bb. <\/p>\n<p>Sa vie de famille impact\u00e9e par son addiction<\/p>\n<p>Au-del\u00e0 des probl\u00e8mes de sant\u00e9, la vie amoureuse de Norbert Tarayre a \u00e9galement \u00e9t\u00e9 impact\u00e9e. \u00ab\u00a0<strong>Je ne suis plus capable de faire l&rsquo;amour \u00e0 ma nana <\/strong>parce que quand tu t&rsquo;enfiles deux paquets de 30 clopes par jour et que tu t&rsquo;enfiles du vin, je d\u00e9fie quiconque de dire qu&rsquo;il est capable de bander comme un \u00e2ne\u00a0\u00bb, a-t-il confi\u00e9. <\/p>\n<p>Et de conclure : \u00ab\u00a0Tu tues ton couple, tes enfants te voient quand tu es en descente, et quand tu es en descente, tu es un vrai con, tu n&rsquo;arr\u00eates pas de gueuler [\u2026]\u00a0<strong>Tes gosses ont peur de toi <\/strong>parce que tu gueules tout le temps et quand tu rentres le week-end, elles ont juste envie d&rsquo;une chose c&rsquo;est que tu te rebarres en tournage\u00a0\u00bb. De douloureuses r\u00e9v\u00e9lations. <\/p>\n<p>      Mentionn\u00e9s dans cet article<\/p>\n<p>\u00c0 lire aussi<\/p>\n","protected":false},"excerpt":{"rendered":"Devenu c\u00e9l\u00e8bre gr\u00e2ce \u00e0 Top Chef, Norbert Tarayre s&rsquo;est tr\u00e8s vite impos\u00e9 \u00e0 la t\u00e9l\u00e9vision. S&rsquo;il a tourn\u00e9&hellip;\n","protected":false},"author":2,"featured_media":190325,"comment_status":"","ping_status":"","sticky":false,"template":"","format":"standard","meta":{"footnotes":""},"categories":[8],"tags":[5702,58,59,1011,27,23853,5401],"class_list":{"0":"post-190324","1":"post","2":"type-post","3":"status-publish","4":"format-standard","5":"has-post-thumbnail","7":"category-divertissement","8":"tag-alcool","9":"tag-divertissement","10":"tag-entertainment","11":"tag-fr","12":"tag-france","13":"tag-norbert-tarayre","14":"tag-poids"},"share_on_mastodon":{"url":"https:\/\/pubeurope.com\/@fr\/114714386439395223","error":""},"_links":{"self":[{"href":"https:\/\/www.europesays.com\/fr\/wp-json\/wp\/v2\/posts\/190324","targetHints":{"allow":["GET"]}}],"collection":[{"href":"https:\/\/www.europesays.com\/fr\/wp-json\/wp\/v2\/posts"}],"about":[{"href":"https:\/\/www.europesays.com\/fr\/wp-json\/wp\/v2\/types\/post"}],"author":[{"embeddable":true,"href":"https:\/\/www.europesays.com\/fr\/wp-json\/wp\/v2\/users\/2"}],"replies":[{"embeddable":true,"href":"https:\/\/www.europesays.com\/fr\/wp-json\/wp\/v2\/comments?post=190324"}],"version-history":[{"count":0,"href":"https:\/\/www.europesays.com\/fr\/wp-json\/wp\/v2\/posts\/190324\/revisions"}],"wp:featuredmedia":[{"embeddable":true,"href":"https:\/\/www.europesays.com\/fr\/wp-json\/wp\/v2\/media\/190325"}],"wp:attachment":[{"href":"https:\/\/www.europesays.com\/fr\/wp-json\/wp\/v2\/media?parent=190324"}],"wp:term":[{"taxonomy":"category","embeddable":true,"href":"https:\/\/www.europesays.com\/fr\/wp-json\/wp\/v2\/categories?post=190324"},{"taxonomy":"post_tag","embeddable":true,"href":"https:\/\/www.europesays.com\/fr\/wp-json\/wp\/v2\/tags?post=190324"}],"curies":[{"name":"wp","href":"https:\/\/api.w.org\/{rel}","templated":true}]}}