{"id":190326,"date":"2025-06-20T06:56:10","date_gmt":"2025-06-20T06:56:10","guid":{"rendered":"https:\/\/www.europesays.com\/fr\/190326\/"},"modified":"2025-06-20T06:56:10","modified_gmt":"2025-06-20T06:56:10","slug":"qui-sont-arrives-les-premiers-les-fleurs-ou-les-papillons-une-decouverte-nous-donne-enfin-la-reponse-et-elle-est-contre-intuitive","status":"publish","type":"post","link":"https:\/\/www.europesays.com\/fr\/190326\/","title":{"rendered":"Qui sont arriv\u00e9s les premiers, les fleurs ou les papillons ? Une d\u00e9couverte nous donne enfin la r\u00e9ponse (et elle est contre-intuitive)"},"content":{"rendered":"<p data-start=\"274\" data-end=\"758\"><strong>Quand on pense aux<br \/>\npapillons, on imagine souvent des cr\u00e9atures d\u00e9licates voletant<br \/>\nparmi les <a href=\"https:\/\/sciencepost.fr\/les-abeilles-sont-elles-en-danger-dans-les-villes-des-chercheurs-pointent-du-doigt-les-fleurs-qui-fleurissent-dans-les-parterres-urbains\/\" target=\"_blank\" rel=\"noopener nofollow\">fleurs<\/a> color\u00e9es des jardins.<br \/>\nPourtant, leur histoire est bien plus ancienne et myst\u00e9rieuse que<br \/>\nce que l\u2019on croyait. Une r\u00e9cente d\u00e9couverte pal\u00e9ontologique en<br \/>\nArgentine vient bouleverser nos connaissances sur l\u2019\u00e9volution des<br \/>\nl\u00e9pidopt\u00e8res \u2014 ce groupe qui regroupe les papillons et les<br \/>\npapillons de nuit \u2014 et ouvre une fen\u00eatre fascinante sur un monde<br \/>\ndisparu, bien avant l\u2019apparition des fleurs.<\/strong><\/p>\n<p>Un tr\u00e9sor fossile inattendu<br \/>\ndans le d\u00e9sert argentin<\/p>\n<p data-start=\"817\" data-end=\"1273\">C\u2019est dans le parc national de<br \/>\nTalampaya, en Argentine, que des pal\u00e9ontologues ont fait une<br \/>\ntrouvaille surprenante. Depuis 2011, des fouilles y ont permis<br \/>\nd\u2019explorer un site ancien qui fut autrefois une \u00ab latrine<br \/>\ncollective \u00bb o\u00f9 de nombreux animaux \u2014 en particulier de grands<br \/>\nherbivores \u2014 venaient uriner et d\u00e9f\u00e9quer. Ces excr\u00e9ments fossilis\u00e9s<br \/>\nsont un v\u00e9ritable tr\u00e9sor pour les chercheurs, car ils conservent<br \/>\ndes traces microscopiques d\u2019organismes anciens.<\/p>\n<p data-start=\"1275\" data-end=\"1581\">Parmi ces \u00e9chantillons, une<br \/>\n\u00e9quipe argentine, en collaboration avec un chercheur britannique, a<br \/>\nd\u00e9couvert des \u00e9cailles minuscules, mesurant environ 200 microns de<br \/>\nlong. Ces \u00e9cailles appartenaient \u00e0 un l\u00e9pidopt\u00e8re, ce qui est une<br \/>\nr\u00e9v\u00e9lation majeure pour la compr\u00e9hension de ces insectes dans la<br \/>\npr\u00e9histoire.<\/p>\n<p>Une fen\u00eatre sur le Trias, une<br \/>\np\u00e9riode cl\u00e9<\/p>\n<p data-start=\"1630\" data-end=\"2038\">Datant d\u2019environ 236 millions<br \/>\nd\u2019ann\u00e9es, cette d\u00e9couverte place ces papillons de nuit au c\u0153ur du<br \/>\nTrias, soit seulement 16 millions d\u2019ann\u00e9es apr\u00e8s l\u2019extinction<br \/>\nmassive du Permien qui a an\u00e9anti pr\u00e8s de 90 % des esp\u00e8ces animales<br \/>\nsur Terre. Ce contexte g\u00e9ologique et biologique rend cette<br \/>\ntrouvaille d\u2019autant plus pr\u00e9cieuse, car elle permet de combler un<br \/>\nvide important dans l\u2019histoire \u00e9volutive des l\u00e9pidopt\u00e8res.<\/p>\n<p data-start=\"2040\" data-end=\"2365\">Avant cette d\u00e9couverte, les<br \/>\nscientifiques savaient que les l\u00e9pidopt\u00e8res avaient probablement<br \/>\n\u00e9volu\u00e9 il y a environ 241 millions d\u2019ann\u00e9es, mais aucune preuve<br \/>\nfossile ne remontait au-del\u00e0 de 201 millions d\u2019ann\u00e9es. Cette<br \/>\nnouvelle datation repousse donc de 35 millions d\u2019ann\u00e9es la trace<br \/>\nphysique la plus ancienne de ces insectes.<\/p>\n<p><img loading=\"lazy\" data-lazyloaded=\"1\" decoding=\"async\" class=\"size-full wp-image-311538\" src=\"https:\/\/www.europesays.com\/fr\/wp-content\/uploads\/2025\/06\/oldest-physical-eviden.jpg\" alt=\"papillons fleurs\" width=\"1417\" height=\"886\"  data-\/><br \/>\nCr\u00e9dit : Journal of South American Earth Sciences (2025). DOI :<br \/>\n10.1016\/j.jsames.2025.105584Une nouvelle esp\u00e8ce<br \/>\npr\u00e9historique : Ampatiri eloisae<\/p>\n<p data-start=\"2425\" data-end=\"2754\">Les chercheurs ont \u00e9galement<br \/>\navanc\u00e9 l\u2019hypoth\u00e8se qu\u2019ils avaient peut-\u00eatre d\u00e9couvert une nouvelle<br \/>\nesp\u00e8ce, qu\u2019ils ont nomm\u00e9e Ampatiri eloisae. Selon eux, cette esp\u00e8ce appartenait<br \/>\nau groupe des Glossata, caract\u00e9ris\u00e9 par la pr\u00e9sence d\u2019une trompe,<br \/>\nune adaptation essentielle chez les papillons modernes qui leur<br \/>\npermet de se nourrir.<\/p>\n<p data-start=\"2756\" data-end=\"2952\">Mais voil\u00e0 une \u00e9nigme : au<br \/>\nTrias, il n\u2019y avait pas encore de fleurs. Ces plantes sont apparues<br \/>\nbien plus tard dans l\u2019histoire de la Terre. Alors, comment<br \/>\nAmpatiri eloisae<br \/>\npouvait-il se nourrir ?<\/p>\n<p>Se nourrir sans fleurs : un<br \/>\nr\u00e9gime sucr\u00e9 mais surprenant<\/p>\n<p data-start=\"3016\" data-end=\"3380\">Les scientifiques pensent que<br \/>\nce papillon primitif utilisait sa trompe pour aspirer des<br \/>\ngouttelettes sucr\u00e9es produites non pas par des fleurs, mais par<br \/>\nd\u2019autres plantes comme les conif\u00e8res et les cycadales, tr\u00e8s<br \/>\nr\u00e9pandus \u00e0 l\u2019\u00e9poque. Ces gouttelettes pouvaient \u00eatre des s\u00e9cr\u00e9tions<br \/>\nou des exsudats, une source de nourriture alternative avant<br \/>\nl\u2019apparition des fleurs.<\/p>\n<p data-start=\"3382\" data-end=\"3540\">Cette capacit\u00e9 \u00e0 s\u2019adapter \u00e0<br \/>\nun environnement sans fleurs montre \u00e0 quel point les l\u00e9pidopt\u00e8res<br \/>\nont une longue histoire d\u2019\u00e9volution et d\u2019innovation \u00e9cologique.<\/p>\n<p>Pourquoi cette d\u00e9couverte<br \/>\nest-elle si importante ?<\/p>\n<p data-start=\"3598\" data-end=\"3815\">Cette trouvaille ne se limite<br \/>\npas \u00e0 enrichir la chronologie des papillons. Elle a des<br \/>\nimplications majeures sur notre compr\u00e9hension des \u00e9cosyst\u00e8mes<br \/>\nanciens et de l\u2019\u00e9volution des interactions entre plantes et<br \/>\ninsectes.<\/p>\n<ul data-start=\"3817\" data-end=\"4422\">\n<li data-start=\"3817\" data-end=\"4080\">\n<p data-start=\"3819\" data-end=\"4080\">Elle confirme que les<br \/>\npapillons et papillons de nuit ont coexist\u00e9 avec des groupes<br \/>\nv\u00e9g\u00e9taux bien avant les plantes \u00e0 fleurs, ce qui sugg\u00e8re que les<br \/>\nrelations entre insectes pollinisateurs et plantes sont bien plus<br \/>\nanciennes et complexes que ce que l\u2019on pensait.<\/p>\n<\/li>\n<li data-start=\"4082\" data-end=\"4225\">\n<p data-start=\"4084\" data-end=\"4225\">Elle ouvre la porte \u00e0 la<br \/>\nd\u00e9couverte d\u2019autres esp\u00e8ces inconnues qui pourraient r\u00e9volutionner<br \/>\nnotre vision des \u00e9cosyst\u00e8mes terrestres au Trias.<\/p>\n<\/li>\n<li data-start=\"4227\" data-end=\"4422\">\n<p data-start=\"4229\" data-end=\"4422\">Elle illustre aussi la valeur<br \/>\ndes sites pal\u00e9ontologiques comme Talampaya, o\u00f9 des indices fossiles<br \/>\nparfois infimes, comme des \u00e9cailles microscopiques, peuvent<br \/>\nraconter des histoires mill\u00e9naires.<\/p>\n<\/li>\n<\/ul>\n<p>Conclusion : le pass\u00e9 r\u00e9v\u00e8le<br \/>\nencore ses secrets<\/p>\n<p data-start=\"4477\" data-end=\"4776\">Gr\u00e2ce \u00e0 cette \u00e9tude publi\u00e9e<br \/>\ndans le <a href=\"https:\/\/dx.doi.org\/10.1016\/j.jsames.2025.105584\" target=\"_blank\" rel=\"noopener nofollow\">Journal of South American Earth Sciences<\/a>, les<br \/>\nchercheurs ont mis au jour un chapitre fascinant de l\u2019histoire<br \/>\nnaturelle. Ampatiri<br \/>\neloisae nous rappelle que la nature est un puzzle g\u00e9ant, o\u00f9<br \/>\nchaque pi\u00e8ce, aussi petite soit-elle, peut bouleverser nos<br \/>\ncertitudes.<\/p>\n<p data-start=\"4778\" data-end=\"5010\">Le papillon, cet embl\u00e8me de la<br \/>\nbeaut\u00e9 et de la fragilit\u00e9, se r\u00e9v\u00e8le ici \u00eatre un survivant d\u2019un<br \/>\ntemps r\u00e9volu, un t\u00e9moin silencieux d\u2019une \u00e9poque o\u00f9 la vie sur Terre<br \/>\nse reconstruisait apr\u00e8s l\u2019une des plus grandes crises jamais<br \/>\nconnues.<\/p>\n<p data-start=\"5012\" data-end=\"5128\">Et qui sait quelles autres<br \/>\nsurprises attendent encore les scientifiques dans les strates<br \/>\noubli\u00e9es de notre plan\u00e8te ?<\/p>\n","protected":false},"excerpt":{"rendered":"Quand on pense aux papillons, on imagine souvent des cr\u00e9atures d\u00e9licates voletant parmi les fleurs color\u00e9es des jardins.&hellip;\n","protected":false},"author":2,"featured_media":190327,"comment_status":"","ping_status":"","sticky":false,"template":"","format":"standard","meta":{"footnotes":""},"categories":[7],"tags":[1011,27,43,40,41,39,42,44],"class_list":{"0":"post-190326","1":"post","2":"type-post","3":"status-publish","4":"format-standard","5":"has-post-thumbnail","7":"category-sciences-et-technologies","8":"tag-fr","9":"tag-france","10":"tag-science","11":"tag-science-and-technology","12":"tag-sciences","13":"tag-sciences-et-technologies","14":"tag-technologies","15":"tag-technology"},"share_on_mastodon":{"url":"https:\/\/pubeurope.com\/@fr\/114714390306348125","error":""},"_links":{"self":[{"href":"https:\/\/www.europesays.com\/fr\/wp-json\/wp\/v2\/posts\/190326","targetHints":{"allow":["GET"]}}],"collection":[{"href":"https:\/\/www.europesays.com\/fr\/wp-json\/wp\/v2\/posts"}],"about":[{"href":"https:\/\/www.europesays.com\/fr\/wp-json\/wp\/v2\/types\/post"}],"author":[{"embeddable":true,"href":"https:\/\/www.europesays.com\/fr\/wp-json\/wp\/v2\/users\/2"}],"replies":[{"embeddable":true,"href":"https:\/\/www.europesays.com\/fr\/wp-json\/wp\/v2\/comments?post=190326"}],"version-history":[{"count":0,"href":"https:\/\/www.europesays.com\/fr\/wp-json\/wp\/v2\/posts\/190326\/revisions"}],"wp:featuredmedia":[{"embeddable":true,"href":"https:\/\/www.europesays.com\/fr\/wp-json\/wp\/v2\/media\/190327"}],"wp:attachment":[{"href":"https:\/\/www.europesays.com\/fr\/wp-json\/wp\/v2\/media?parent=190326"}],"wp:term":[{"taxonomy":"category","embeddable":true,"href":"https:\/\/www.europesays.com\/fr\/wp-json\/wp\/v2\/categories?post=190326"},{"taxonomy":"post_tag","embeddable":true,"href":"https:\/\/www.europesays.com\/fr\/wp-json\/wp\/v2\/tags?post=190326"}],"curies":[{"name":"wp","href":"https:\/\/api.w.org\/{rel}","templated":true}]}}