{"id":190330,"date":"2025-06-20T06:58:16","date_gmt":"2025-06-20T06:58:16","guid":{"rendered":"https:\/\/www.europesays.com\/fr\/190330\/"},"modified":"2025-06-20T06:58:16","modified_gmt":"2025-06-20T06:58:16","slug":"une-cour-dappel-federale-autorise-donald-trump-a-deployer-la-garde-nationale-a-los-angeles","status":"publish","type":"post","link":"https:\/\/www.europesays.com\/fr\/190330\/","title":{"rendered":"une cour d&rsquo;appel f\u00e9d\u00e9rale autorise Donald Trump \u00e0 d\u00e9ployer la Garde nationale \u00e0 Los Angeles"},"content":{"rendered":"<p>Le d\u00e9ploiement de la Garde nationale \u00e0 Los Angeles a \u00e9t\u00e9 autoris\u00e9 par une cour d\u2019appel f\u00e9d\u00e9rale, ce jeudi, pour faire face aux manifestations contre sa politique migratoire.<\/p>\n<p class=\"fig-paragraph\">Une cour d\u2019appel f\u00e9d\u00e9rale am\u00e9ricaine a autoris\u00e9 jeudi le pr\u00e9sident\u00a0<a href=\"https:\/\/www.lefigaro.fr\/tag\/donald-trump\" target=\"_blank\" rel=\"noopener\" data-gtm-custom-categorie=\"navigation\" data-gtm-custom-action=\"crossclick\" data-gtm-custom-label=\"Contextuel\" data-gtm-event=\"customEventSPE\">Donald Trump<\/a>\u00a0\u00e0 conserver le contr\u00f4le du d\u00e9ploiement de troupes de<a href=\"http:\/\/www.lefigaro.fr\/international\/pourquoi-donald-trump-veut-utiliser-la-garde-nationale-a-los-angeles-20250610\" data-fig-type=\"Article\" data-gtm-custom-categorie=\"navigation\" data-gtm-custom-action=\"crossclick\" data-gtm-custom-label=\"Contextuel\" data-gtm-event=\"customEventSPE\" data-fig-domain=\"LEFIGARO\" target=\"_blank\" rel=\"noopener\">\u00a0la Garde nationale\u00a0<\/a>\u00e0 Los Angeles pour faire face aux manifestations contre sa politique migratoire, malgr\u00e9 l\u2019opposition des autorit\u00e9s californiennes.<\/p>\n<p class=\"fig-paragraph\">\u00abLe fait que le pr\u00e9sident n\u2019ait pas \u00e9mis l\u2019ordre de f\u00e9d\u00e9ralisation directement \u201c\u00e0 travers\u201d<a href=\"http:\/\/www.lefigaro.fr\/international\/il-est-temps-pour-nous-tous-de-nous-redresser-gavin-newsom-le-gouverneur-de-californie-qui-s-oppose-a-donald-trump-20250611\" data-fig-type=\"Article\" data-gtm-custom-categorie=\"navigation\" data-gtm-custom-action=\"crossclick\" data-gtm-custom-label=\"Contextuel\" data-gtm-event=\"customEventSPE\" data-fig-domain=\"LEFIGARO\" target=\"_blank\" rel=\"noopener\">\u00a0le gouverneur de Californie<\/a>\u00a0ne limite pas son autorit\u00e9 par ailleurs l\u00e9gale d\u2019appeler la Garde nationale\u00bb, ont \u00e9crit les trois juges de la cour de San Francisco dans un jugement unanime de 38 pages.<\/p>\n<p class=\"fig-paragraph\">Donald Trump a ainsi \u00e9t\u00e9 en droit d\u2019ordonner la mobilisation de 4.000 membres de la Garde nationale pour 60 jours afin de \u00abprot\u00e9ger les fonctionnaires\u00bb et b\u00e2timents f\u00e9d\u00e9raux, ont tranch\u00e9 les juges.<\/p>\n<p class=\"fig-paragraph\">Le pr\u00e9sident am\u00e9ricain a salu\u00e9 jeudi soir la d\u00e9cision, une \u00abGRANDE VICTOIRE\u00bb selon lui.<\/p>\n<p class=\"fig-paragraph\">\u00abPartout aux \u00c9tats-Unis, si nos villes et nos concitoyens ont besoin d\u2019une protection, c\u2019est \u00e0 nous de la leur fournir si l\u2019\u00c9tat ou la police locale en sont incapables, pour quelque raison que ce soit\u00bb, a \u00e9crit Donald Trump sur son r\u00e9seau Truth Social.<\/p>\n<p>Une premi\u00e8re depuis 1965<\/p>\n<p class=\"fig-paragraph\">Saisi par le gouverneur d\u00e9mocrate de Californie Gavin Newsom,\u00a0<a href=\"http:\/\/www.lefigaro.fr\/international\/los-angeles-un-juge-federal-suspend-et-declare-illegal-le-deploiement-par-trump-de-la-garde-nationale-20250613\" data-fig-type=\"NewsFlash\" data-gtm-custom-categorie=\"navigation\" data-gtm-custom-action=\"crossclick\" data-gtm-custom-label=\"Contextuel\" data-gtm-event=\"customEventSPE\" data-fig-domain=\"LEFIGARO\" target=\"_blank\" rel=\"noopener\">un juge f\u00e9d\u00e9ral avait estim\u00e9 ill\u00e9gal\u00a0<\/a>en premi\u00e8re instance la semaine derni\u00e8re l\u2019ordre donn\u00e9 par le pr\u00e9sident de d\u00e9ployer la Garde nationale. Le magistrat avait du m\u00eame coup ordonn\u00e9 que le contr\u00f4le de ce corps de r\u00e9serve \u00e0 double tutelle soit rendu au gouverneur d\u00e9mocrate.<\/p>\n<p class=\"fig-paragraph\">Le pr\u00e9sident \u00abn\u2019est pas un monarque, ce n\u2019est pas un roi, et il devrait cesser d\u2019agir comme tel\u00bb, avait r\u00e9agi Gavin Newsom apr\u00e8s la d\u00e9cision du juge.<\/p>\n<p class=\"fig-paragraph\">Le d\u00e9ploiement de la Garde nationale, sans le consentement du gouverneur de l\u2019Etat &#8211; qui a aussi autorit\u00e9 sur ce corps militaire &#8211; est une premi\u00e8re depuis 1965 aux Etats-Unis.<\/p>\n<p class=\"fig-paragraph\">Une vague d\u2019interpellations muscl\u00e9es de sans-papiers par la police f\u00e9d\u00e9rale de l\u2019immigration (ICE) a donn\u00e9 lieu \u00e0 un mouvement de protestation parfois violent dans la m\u00e9gapole californienne de Los Angeles.<\/p>\n","protected":false},"excerpt":{"rendered":"Le d\u00e9ploiement de la Garde nationale \u00e0 Los Angeles a \u00e9t\u00e9 autoris\u00e9 par une cour d\u2019appel f\u00e9d\u00e9rale, ce&hellip;\n","protected":false},"author":2,"featured_media":190331,"comment_status":"","ping_status":"","sticky":false,"template":"","format":"standard","meta":{"footnotes":""},"categories":[5],"tags":[259,11,260,73,1011,27,14,6116,261,12,262,28],"class_list":{"0":"post-190330","1":"post","2":"type-post","3":"status-publish","4":"format-standard","5":"has-post-thumbnail","7":"category-international","8":"tag-actualite-internationale","9":"tag-actualites","10":"tag-affaires-etrangeres","11":"tag-etats-unis","12":"tag-fr","13":"tag-france","14":"tag-international","15":"tag-los-angeles","16":"tag-ministere-des-affaires-etrangeres","17":"tag-news","18":"tag-politique-etrangere","19":"tag-world"},"share_on_mastodon":{"url":"https:\/\/pubeurope.com\/@fr\/114714398132207888","error":""},"_links":{"self":[{"href":"https:\/\/www.europesays.com\/fr\/wp-json\/wp\/v2\/posts\/190330","targetHints":{"allow":["GET"]}}],"collection":[{"href":"https:\/\/www.europesays.com\/fr\/wp-json\/wp\/v2\/posts"}],"about":[{"href":"https:\/\/www.europesays.com\/fr\/wp-json\/wp\/v2\/types\/post"}],"author":[{"embeddable":true,"href":"https:\/\/www.europesays.com\/fr\/wp-json\/wp\/v2\/users\/2"}],"replies":[{"embeddable":true,"href":"https:\/\/www.europesays.com\/fr\/wp-json\/wp\/v2\/comments?post=190330"}],"version-history":[{"count":0,"href":"https:\/\/www.europesays.com\/fr\/wp-json\/wp\/v2\/posts\/190330\/revisions"}],"wp:featuredmedia":[{"embeddable":true,"href":"https:\/\/www.europesays.com\/fr\/wp-json\/wp\/v2\/media\/190331"}],"wp:attachment":[{"href":"https:\/\/www.europesays.com\/fr\/wp-json\/wp\/v2\/media?parent=190330"}],"wp:term":[{"taxonomy":"category","embeddable":true,"href":"https:\/\/www.europesays.com\/fr\/wp-json\/wp\/v2\/categories?post=190330"},{"taxonomy":"post_tag","embeddable":true,"href":"https:\/\/www.europesays.com\/fr\/wp-json\/wp\/v2\/tags?post=190330"}],"curies":[{"name":"wp","href":"https:\/\/api.w.org\/{rel}","templated":true}]}}