{"id":190336,"date":"2025-06-20T07:01:11","date_gmt":"2025-06-20T07:01:11","guid":{"rendered":"https:\/\/www.europesays.com\/fr\/190336\/"},"modified":"2025-06-20T07:01:11","modified_gmt":"2025-06-20T07:01:11","slug":"ce-concert-dans-un-lieu-mythique-a-ne-pas-louper","status":"publish","type":"post","link":"https:\/\/www.europesays.com\/fr\/190336\/","title":{"rendered":"ce concert dans un lieu mythique \u00e0 ne pas louper"},"content":{"rendered":"<p>            Par<br \/>\n        <strong><br \/>\n            <a href=\"https:\/\/actu.fr\/auteur\/mathias-souteyrat\" title=\"Consulter tous les articles de Mathias Souteyrat\" rel=\"nofollow noopener\" target=\"_blank\">Mathias Souteyrat<\/a><br \/>\n        <\/strong><\/p>\n<p>        Publi\u00e9 le<\/p>\n<p>            20 juin 2025 \u00e0 7h55        <\/p>\n<p>La <a href=\"https:\/\/actu.fr\/tag\/fete-de-la-musique\" rel=\"nofollow noopener\" target=\"_blank\">F\u00eate de la musique<\/a> va faire battre le coeur de la ville de <a href=\"https:\/\/actu.fr\/saint-etienne\/\" rel=\"nofollow noopener\" target=\"_blank\">Saint-Etienne<\/a> tout ce week-end. La municipalit\u00e9 d\u00e9voile son programme. \u00ab\u2009La F\u00eate de la musique revient \u00e0 Saint-\u00c9tienne avec une programmation riche et festive\u2009\u00bb, promet la municipalit\u00e9 qui annonce plus de 40 groupes du centre-ville au parc Joseph Sanguedolce. Les concerts d\u00e9marrent ce vendredi 20\u00a0juin. Un \u00e9v\u00e9nement a retenu notre attention.<\/p>\n<p>Un concert \u00e9lectronique au Puits Couriot<\/p>\n<p class=\" wall-content\">Le site embl\u00e9matique de Puits Couriot accueillera la 12e \u00e9dition des Sons de la Mine, \u00e9v\u00e9nement phare <strong>des musiques urbaines et \u00e9lectroniques.<\/strong> L\u2019\u00e9v\u00e9nement est co-organis\u00e9 avec quatre structures culturelles du territoire, dans le cadre des Before de Couriot.<\/p>\n<p class=\" wall-content\">Le concert \u00ab\u2009Les Sons de la Mine #12\u2009\u00bb se d\u00e9roule au <strong>parc Sanguedolce.<\/strong><\/p>\n<p>    <img   decoding=\"async\" loading=\"lazy\" src=\"https:\/\/www.europesays.com\/fr\/wp-content\/uploads\/2025\/06\/parc-musee-de-la-mine-saint-etienne-chevalement-de-nuit-960x640.jpg\" alt=\"Le site embl\u00e9matique de Couriot accueillera la 12e \u00e9dition des Sons de la Mine, \u00e9v\u00e9nement phare des musiques urbaines et \u00e9lectroniques.\" width=\"960\" height=\"640\"\/><br \/>\n    Le site embl\u00e9matique de Couriot accueillera la 12e \u00e9dition des Sons de la Mine, \u00e9v\u00e9nement phare des musiques urbaines et \u00e9lectroniques. (\u00a9Pierre Grasset \/ ville de Saint-Etienne)<\/p>\n<p class=\" wall-content\">D\u00e8s 18h, d\u00e9part en fanfare avec Brass N\u2019Ganda\u00efa dans le centre-ville. Deux sc\u00e8nes, Chevalement et Guinguette, rythmeront la soir\u00e9e. La restauration, les bars et les stands seront ouverts d\u00e8s 18h.<\/p>\n<p>Les Before de Couriot tout l\u2019\u00e9t\u00e9<\/p>\n<p class=\" wall-content\">Par ailleurs, du 18 juin au 5 septembre 2025, le parc Couriot devient un lieu de f\u00eate\u2009! Port\u00e9s par la municipalit\u00e9 et le collectif Cinq Cempotes, les Before de Couriot reviennent avec plus de <strong>50 rendez-vous gratuits<\/strong> m\u00ealant concerts, spectacles et animations, chaque semaine du mercredi au dimanche.<\/p>\n<p>De la conservation du site au mus\u00e9e de la Mine<\/p>\n<p>Le mus\u00e9e de la Mine s\u2019installe d\u00e9finitivement sur le site du Puits Couriot et ouvre en 1991. Port\u00e9 par les anciens ing\u00e9nieurs des Houill\u00e8res, le premier projet \u00e9voque la mine et ses techniques. <br \/>La professionnalisation de l\u2019\u00e9quipe du mus\u00e9e doubl\u00e9e d\u2019une progressive reconnaissance nationale \u00e0 l\u2019\u00e9gard du patrimoine industriel conduit \u00e0 donner une dimension plus historique et soci\u00e9tale au projet scientifique et culturel initial du mus\u00e9e. <br \/>Ce grand site d\u2019extraction charbonni\u00e8re, exploit\u00e9 de 1913 \u00e0 1983 s\u2019inscrit au sein du paysage urbain st\u00e9phanois comme le t\u00e9moin majeur d\u2019une activit\u00e9 qui a marqu\u00e9 l\u2019histoire de la ville et de la r\u00e9gion pendant deux si\u00e8cles. <br \/>Le mus\u00e9e permet de d\u00e9couvrir les diff\u00e9rents aspects techniques mais aussi humains de la mine industrielle dans un environnement relativement bien conserv\u00e9.<\/p>\n<p>Voir tout<\/p>\n<p class=\" wall-content\"><strong>Rock, funk, soul, chanson fran\u00e7aise, \u00e9lectro, reggae, new wave\u2026<\/strong> Tous les styles musicaux s\u2019invitent aux Before. Mais aussi du\u00a0cin\u00e9ma en plein air, du\u00a0th\u00e9\u00e2tre de rue, des\u00a0karaok\u00e9s g\u00e9ants\u00a0ou encore des\u00a0animations familiales.<\/p>\n<p class=\" wall-content\">Voici les dates \u00e0 retenir\u2009:<\/p>\n<ul class=\" wall-content\">\n<li>3\u00a0juillet\u2009: Bal celtique avec Shelta (Festival des L\u00e9gendes)<\/li>\n<li>19\u00a0juillet\u2009: Cin\u00e9 Couriot \u2013 Retour vers le Futur 2 en projection plein air<\/li>\n<li>25\u00a0juillet\u2009: Un karaok\u00e9 sp\u00e9cial Queen<\/li>\n<li>27\u00a0juillet\u2009: Des pi\u00e8ces de th\u00e9\u00e2tre<\/li>\n<li>03 ao\u00fbt\u2009: Concours de p\u00e9tanque pour tous<\/li>\n<\/ul>\n<p class=\" wall-content\">Du mercredi au dimanche, de 16h \u00e0 minuit, la Guinguette vous accueille avec produits locaux, bi\u00e8res artisanales, glaces, et surtout une atmosph\u00e8re chaleureuse, pour accompagner les concerts tout au long de l\u2019\u00e9t\u00e9.<\/p>\n<p class=\" wall-content\">Suivez toute l\u2019actualit\u00e9 de vos villes et m\u00e9dias favoris en vous inscrivant \u00e0 <a href=\"https:\/\/moncompte.actu.fr\" title=\"D\u00e9couvez Mon Actu\" rel=\"nofollow noopener\" data-trk=\"{&quot;cta&quot;:{&quot;action&quot;:&quot;https:\\\/\\\/moncompte.actu.fr&quot;,&quot;category&quot;:&quot;mon compte&quot;,&quot;from&quot;:&quot;article footer&quot;,&quot;name&quot;:&quot;Mon actu&quot;,&quot;type&quot;:&quot;cta&quot;}}\" target=\"_blank\">Mon Actu<\/a>.<\/p>\n<ul class=\"ac-article-tag wall-content\">\n<li><a href=\"https:\/\/actu.fr\/tag\/concert\" data-trk=\"{&quot;cta&quot;:{&quot;action&quot;:&quot;Concert&quot;,&quot;category&quot;:&quot;tag&quot;,&quot;from&quot;:&quot;article footer&quot;,&quot;name&quot;:&quot;Concert&quot;,&quot;type&quot;:&quot;cta&quot;}}\" rel=\"nofollow noopener\" target=\"_blank\">#Concert<\/a><\/li>\n<li><a href=\"https:\/\/actu.fr\/tag\/fete-de-la-musique\" data-trk=\"{&quot;cta&quot;:{&quot;action&quot;:&quot;F\\u00eate de la musique&quot;,&quot;category&quot;:&quot;tag&quot;,&quot;from&quot;:&quot;article footer&quot;,&quot;name&quot;:&quot;F\\u00eate de la musique&quot;,&quot;type&quot;:&quot;cta&quot;}}\" rel=\"nofollow noopener\" target=\"_blank\">#F\u00eate de la musique<\/a><\/li>\n<\/ul>\n","protected":false},"excerpt":{"rendered":"Par Mathias Souteyrat Publi\u00e9 le 20 juin 2025 \u00e0 7h55 La F\u00eate de la musique va faire battre&hellip;\n","protected":false},"author":2,"featured_media":190337,"comment_status":"","ping_status":"","sticky":false,"template":"","format":"standard","meta":{"footnotes":""},"categories":[9653],"tags":[1111,11,2430,1697,1777,674,25885,1011,27,1652,12,25,4001],"class_list":{"0":"post-190336","1":"post","2":"type-post","3":"status-publish","4":"format-standard","5":"has-post-thumbnail","7":"category-saint-etienne","8":"tag-actu","9":"tag-actualites","10":"tag-auvergne-rhone-alpes","11":"tag-concert","12":"tag-eu","13":"tag-europe","14":"tag-fete-de-la-musique","15":"tag-fr","16":"tag-france","17":"tag-loisirs-culture","18":"tag-news","19":"tag-republique-francaise","20":"tag-saint-etienne"},"share_on_mastodon":{"url":"https:\/\/pubeurope.com\/@fr\/114714410017436014","error":""},"_links":{"self":[{"href":"https:\/\/www.europesays.com\/fr\/wp-json\/wp\/v2\/posts\/190336","targetHints":{"allow":["GET"]}}],"collection":[{"href":"https:\/\/www.europesays.com\/fr\/wp-json\/wp\/v2\/posts"}],"about":[{"href":"https:\/\/www.europesays.com\/fr\/wp-json\/wp\/v2\/types\/post"}],"author":[{"embeddable":true,"href":"https:\/\/www.europesays.com\/fr\/wp-json\/wp\/v2\/users\/2"}],"replies":[{"embeddable":true,"href":"https:\/\/www.europesays.com\/fr\/wp-json\/wp\/v2\/comments?post=190336"}],"version-history":[{"count":0,"href":"https:\/\/www.europesays.com\/fr\/wp-json\/wp\/v2\/posts\/190336\/revisions"}],"wp:featuredmedia":[{"embeddable":true,"href":"https:\/\/www.europesays.com\/fr\/wp-json\/wp\/v2\/media\/190337"}],"wp:attachment":[{"href":"https:\/\/www.europesays.com\/fr\/wp-json\/wp\/v2\/media?parent=190336"}],"wp:term":[{"taxonomy":"category","embeddable":true,"href":"https:\/\/www.europesays.com\/fr\/wp-json\/wp\/v2\/categories?post=190336"},{"taxonomy":"post_tag","embeddable":true,"href":"https:\/\/www.europesays.com\/fr\/wp-json\/wp\/v2\/tags?post=190336"}],"curies":[{"name":"wp","href":"https:\/\/api.w.org\/{rel}","templated":true}]}}