{"id":190338,"date":"2025-06-20T07:02:21","date_gmt":"2025-06-20T07:02:21","guid":{"rendered":"https:\/\/www.europesays.com\/fr\/190338\/"},"modified":"2025-06-20T07:02:21","modified_gmt":"2025-06-20T07:02:21","slug":"ex-girondins-saint-etienne-voudrait-jusqua-20-me-pour-zuriko-davitashvili","status":"publish","type":"post","link":"https:\/\/www.europesays.com\/fr\/190338\/","title":{"rendered":"Ex-Girondins : Saint-\u00c9tienne voudrait jusqu\u2019\u00e0 20 M\u20ac pour Zuriko Davitashvili"},"content":{"rendered":"<p><img decoding=\"async\" src=\"https:\/\/www.europesays.com\/fr\/wp-content\/uploads\/2025\/06\/671_af3362ecdd95c92baaf38f759b9f8c99.jpg\" alt=\"Ex-Girondins : Saint-\u00c9tienne voudrait jusqu\u2019\u00e0 20 M\u20ac pour Zuriko Davitashvili\" class=\"img-responsive mt-3\"\/><\/p>\n<p class=\"text-center mb-3\" style=\"font-size: 14px\">\u00a9 Iconsport<\/p>\n<p><strong>Davitashvili estim\u00e9 entre 15 et 20 M\u20ac<\/strong><\/p>\n<p style=\"text-align: justify;\">L\u2019international g\u00e9orgien avait quitt\u00e9 les Girondins l\u2019\u00e9t\u00e9 dernier pour rejoindre l\u2019AS Saint-\u00c9tienne, fraichement promu en Ligue 1, contre un montant de 6 M\u20ac. Un an plus tard, apr\u00e8s une saison r\u00e9ussie sur le plan personnel (9 buts, 8 passes d\u00e9cisives), Saint-\u00c9tienne redescend en Ligue 2 et pourrait se s\u00e9parer de l\u2019un de ses meilleurs joueurs.<\/p>\n<p style=\"text-align: justify;\">Mais pas \u00e0 n\u2019importe quel prix, malgr\u00e9 une valeur estim\u00e9e \u00e0 10 M\u20ac par Transfermarkt, les Verts esp\u00e8reraient le c\u00e9der entre 15 et 20 M\u20ac, <a href=\"https:\/\/www.lequipe.fr\/Football\/Article\/Stassin-davitachvili-joueurs-en-fin-de-contrat-saint-etienne-se-prepare-a-la-revolution\/1571248\" target=\"_blank\" rel=\"noopener\">selon L\u2019\u00c9quipe<\/a>. Davitashvili est sous contrat jusqu\u2019en juin 2028. Bordeaux n&rsquo;aurait aucun pourcentage \u00e0 la revente.<\/p>\n<p><strong>Quel club pour l\u2019ancien Bordelais ?<\/strong><\/p>\n<p style=\"text-align: justify;\">L\u2019international g\u00e9orgien attire plusieurs pr\u00e9tendants. Strasbourg, auteur d\u2019une belle saison avec Dilane Bakwa, est int\u00e9ress\u00e9. Le club alsacien, propri\u00e9t\u00e9 de BlueCo (\u00e9galement \u00e0 la t\u00eate de Chelsea), a les moyens financiers pour faire une offre. Le Stade Rennais suit \u00e9galement son profil avec attention. Enfin, Besiktas, en Turquie, s\u2019int\u00e9resse de longue date \u00e0 Davitashvili.<\/p>\n<p>\u00c0 lire &gt;&gt; <strong><a href=\"https:\/\/www.webgirondins.com\/actualite-girondins-girondins-erwan-lannuzel-ne-continue-pas-l-aventure-au-club-129479\" target=\"_blank\" rel=\"noopener\">Girondins : Erwan Lannuzel ne continue pas l&rsquo;aventure au club<\/a><\/strong><\/p>\n<p>\u00a0<\/p>\n<p>Notre podcast court :<\/p>\n<p>\u00a0<\/p>\n<p>\u00a0<\/p>\n","protected":false},"excerpt":{"rendered":"\u00a9 Iconsport Davitashvili estim\u00e9 entre 15 et 20 M\u20ac L\u2019international g\u00e9orgien avait quitt\u00e9 les Girondins l\u2019\u00e9t\u00e9 dernier pour&hellip;\n","protected":false},"author":2,"featured_media":190339,"comment_status":"","ping_status":"","sticky":false,"template":"","format":"standard","meta":{"footnotes":""},"categories":[9653],"tags":[1111,11,27277,3475,2430,12008,1446,19638,16162,3235,11753,1777,674,1011,27,1987,2867,3289,3022,4924,12,471,32818,32817,32819,25,3213,4001,4071,11001,32815,32816],"class_list":{"0":"post-190338","1":"post","2":"type-post","3":"status-publish","4":"format-standard","5":"has-post-thumbnail","7":"category-saint-etienne","8":"tag-actu","9":"tag-actualites","10":"tag-arrivees","11":"tag-aussi","12":"tag-auvergne-rhone-alpes","13":"tag-bien","14":"tag-dans","15":"tag-davitashvili","16":"tag-departs","17":"tag-effectif","18":"tag-etienne","19":"tag-eu","20":"tag-europe","21":"tag-fr","22":"tag-france","23":"tag-girondins","24":"tag-jusqu","25":"tag-leur","26":"tag-ligue","27":"tag-m","28":"tag-news","29":"tag-pour","30":"tag-prevoient","31":"tag-redescendus","32":"tag-renouveler","33":"tag-republique-francaise","34":"tag-saint","35":"tag-saint-etienne","36":"tag-sens","37":"tag-verts","38":"tag-voudrait","39":"tag-zuriko"},"share_on_mastodon":{"url":"https:\/\/pubeurope.com\/@fr\/114714413868478076","error":""},"_links":{"self":[{"href":"https:\/\/www.europesays.com\/fr\/wp-json\/wp\/v2\/posts\/190338","targetHints":{"allow":["GET"]}}],"collection":[{"href":"https:\/\/www.europesays.com\/fr\/wp-json\/wp\/v2\/posts"}],"about":[{"href":"https:\/\/www.europesays.com\/fr\/wp-json\/wp\/v2\/types\/post"}],"author":[{"embeddable":true,"href":"https:\/\/www.europesays.com\/fr\/wp-json\/wp\/v2\/users\/2"}],"replies":[{"embeddable":true,"href":"https:\/\/www.europesays.com\/fr\/wp-json\/wp\/v2\/comments?post=190338"}],"version-history":[{"count":0,"href":"https:\/\/www.europesays.com\/fr\/wp-json\/wp\/v2\/posts\/190338\/revisions"}],"wp:featuredmedia":[{"embeddable":true,"href":"https:\/\/www.europesays.com\/fr\/wp-json\/wp\/v2\/media\/190339"}],"wp:attachment":[{"href":"https:\/\/www.europesays.com\/fr\/wp-json\/wp\/v2\/media?parent=190338"}],"wp:term":[{"taxonomy":"category","embeddable":true,"href":"https:\/\/www.europesays.com\/fr\/wp-json\/wp\/v2\/categories?post=190338"},{"taxonomy":"post_tag","embeddable":true,"href":"https:\/\/www.europesays.com\/fr\/wp-json\/wp\/v2\/tags?post=190338"}],"curies":[{"name":"wp","href":"https:\/\/api.w.org\/{rel}","templated":true}]}}