{"id":190343,"date":"2025-06-20T07:05:10","date_gmt":"2025-06-20T07:05:10","guid":{"rendered":"https:\/\/www.europesays.com\/fr\/190343\/"},"modified":"2025-06-20T07:05:10","modified_gmt":"2025-06-20T07:05:10","slug":"la-maire-de-toulon-josee-massi-sera-bien-candidate-en-2026","status":"publish","type":"post","link":"https:\/\/www.europesays.com\/fr\/190343\/","title":{"rendered":"La maire de Toulon Jos\u00e9e Massi sera bien candidate en 2026"},"content":{"rendered":"<p>De suspense, il n\u2019y avait plus vraiment depuis quelques jours. Avec la condamnation d\u00e9finitive de l\u2019ancien maire Hubert Falco dans l\u2019affaire du frigo, on savait que sa rempla\u00e7ante Jos\u00e9e Massi tenait la corde pour tenter de lui succ\u00e9der dans les urnes, lors des prochaines \u00e9lections municipales. Sa l\u00e9gitimit\u00e9 de \u00ab\u00a0sortante\u00a0\u00bb en \u00e9tendard, elle a finalement annonc\u00e9, en tout d\u00e9but de semaine, au cours d\u2019une r\u00e9union \u00e0 huis clos des \u00e9lus de sa majorit\u00e9, sa d\u00e9cision d\u2019\u00eatre candidate en mars 2026. Cette prise de position aurait d\u2019ailleurs d\u00fb rester confidentielle: Jos\u00e9e Massi a ainsi confi\u00e9 vouloir attendre \u00ab\u00a0la rentr\u00e9e\u00a0\u00bb de septembre pour officialiser son choix aux Toulonnais.<\/p>\n<p>\u00ab\u00a0Elle nous a r\u00e9unis lundi dans la grande salle du conseil municipal pour nous informer\u00a0\u00bb, raconte \u00e0 Var-matin un adjoint au maire. \u00ab\u00a0Jos\u00e9e Massi a fait une rapide r\u00e9f\u00e9rence au fait qu\u2019Hubert Falco \u2013 qui n\u2019\u00e9tait pas pr\u00e9sent \u2013 la soutenait. Mais on a senti que c\u2019\u00e9tait sa d\u00e9cision, sinc\u00e8re et m\u00fbrement r\u00e9fl\u00e9chie. Elle nous a dit: \u201cJ\u2019y vais pour gagner\u00a0\u00bb \u00bb Pas d\u2019applaudissement dans l\u2019assistance, mais des mines r\u00e9jouies\u2026 et d\u2019autres moins. \u00ab\u00a0Son annonce \u00e9tait \u00e0 son image: sobre et s\u00e9rieuse, souffle un \u00e9lu. Sans tambour ni trompette.\u00a0\u00bb<\/p>\n<p>La mise en garde de l\u2019ancienne d\u00e9put\u00e9e Genevi\u00e8ve L\u00e9vy<\/p>\n<p>Cet apr\u00e8s-midi-l\u00e0, l\u2019\u00e9quipe est loin d\u2019\u00eatre au complet. Le d\u00e9put\u00e9 Yannick Chenevard est en d\u00e9placement professionnel \u00e0 Brest, plus pr\u00e9cis\u00e9ment \u00e0 l\u2019\u00cele Longue, site cl\u00e9 de la dissuasion nucl\u00e9aire fran\u00e7aise. Laurent J\u00e9r\u00f4me, lui, est \u00ab\u00a0de mariage\u00a0\u00bb. Ceux qui le souhaitent sont invit\u00e9s \u00e0 s\u2019exprimer. Une dizaine rel\u00e8ve le gant. \u00ab\u00a0Dans ces cas-l\u00e0, c\u2019est un peu le bal des faux culs\u00a0\u00bb, raille un adjoint. \u00ab\u00a0Il y en a quelques-uns qui ne sont pr\u00eats \u00e0 perdre leurs 2.000 balles d\u2019indemnit\u00e9s et qui comptent bien \u00eatre encore l\u00e0 en 2026. Tous ceux qui ont pris la parole ont dit tout le bien qu\u2019ils pensaient de cette candidature.\u00a0\u00bb<\/p>\n<p>Virginie Pin ou Martine B\u00e9rard se lancent. Une des doyennes du conseil, l\u2019ancienne parlementaire Genevi\u00e8ve L\u00e9vy, endosse le r\u00f4le du sage. Elle tient \u00e0 mettre en garde ses coll\u00e8gues, surtout ceux qui n\u2019ont connu que les victoires \u00e9lectorales d\u2019Hubert Falco au premier tour. \u00ab\u00a0Cette campagne municipale ne ressemblera pas aux derni\u00e8res en date. Ce sera comme en 2001: nous devrons expliquer le programme aux Toulonnais, les convaincre. Cette fois, il va falloir aller au charbon\u00a0\u00bb.<\/p>\n<p>Quid de la proposition de primaire pour d\u00e9signer \u00ab\u00a0d\u00e9mocratiquement\u00a0\u00bb le candidat de la majorit\u00e9, faite par le s\u00e9nateur LR Michel Bonnus? \u00ab\u00a0Le sujet n\u2019a pas \u00e9t\u00e9 \u00e9voqu\u00e9\u00a0\u00bb, poursuit un cadre de l\u2019\u00e9quipe municipale. \u00ab\u00a0Mais moi, je compte bien aller trouver Jos\u00e9e Massi, une femme intelligente, pour lui dire qu\u2019il faut qu\u2019ils se parlent et qu\u2019ils s\u2019entendent. On ne peut pas courir le risque de partir divis\u00e9 face \u00e0 Laure Lavalette et au Rassemblement national.\u00a0\u00bb D\u2019autres conseillers devraient en faire de m\u00eame: \u00e0 l\u2019issue de ce c\u00e9nacle, la maire de Toulon a encourag\u00e9 ses actuels colistiers \u00e0 venir toquer \u00e0 la porte de son bureau dans les prochains jours.<\/p>\n","protected":false},"excerpt":{"rendered":"De suspense, il n\u2019y avait plus vraiment depuis quelques jours. Avec la condamnation d\u00e9finitive de l\u2019ancien maire Hubert&hellip;\n","protected":false},"author":2,"featured_media":190344,"comment_status":"","ping_status":"","sticky":false,"template":"","format":"standard","meta":{"footnotes":""},"categories":[9619],"tags":[1111,11,1777,674,1011,27,12,316,882,25,2310,3366],"class_list":{"0":"post-190343","1":"post","2":"type-post","3":"status-publish","4":"format-standard","5":"has-post-thumbnail","7":"category-toulon","8":"tag-actu","9":"tag-actualites","10":"tag-eu","11":"tag-europe","12":"tag-fr","13":"tag-france","14":"tag-news","15":"tag-politique","16":"tag-provence-alpes-cote-dazur","17":"tag-republique-francaise","18":"tag-toulon","19":"tag-vie-locale"},"share_on_mastodon":{"url":"https:\/\/pubeurope.com\/@fr\/114714425711282611","error":""},"_links":{"self":[{"href":"https:\/\/www.europesays.com\/fr\/wp-json\/wp\/v2\/posts\/190343","targetHints":{"allow":["GET"]}}],"collection":[{"href":"https:\/\/www.europesays.com\/fr\/wp-json\/wp\/v2\/posts"}],"about":[{"href":"https:\/\/www.europesays.com\/fr\/wp-json\/wp\/v2\/types\/post"}],"author":[{"embeddable":true,"href":"https:\/\/www.europesays.com\/fr\/wp-json\/wp\/v2\/users\/2"}],"replies":[{"embeddable":true,"href":"https:\/\/www.europesays.com\/fr\/wp-json\/wp\/v2\/comments?post=190343"}],"version-history":[{"count":0,"href":"https:\/\/www.europesays.com\/fr\/wp-json\/wp\/v2\/posts\/190343\/revisions"}],"wp:featuredmedia":[{"embeddable":true,"href":"https:\/\/www.europesays.com\/fr\/wp-json\/wp\/v2\/media\/190344"}],"wp:attachment":[{"href":"https:\/\/www.europesays.com\/fr\/wp-json\/wp\/v2\/media?parent=190343"}],"wp:term":[{"taxonomy":"category","embeddable":true,"href":"https:\/\/www.europesays.com\/fr\/wp-json\/wp\/v2\/categories?post=190343"},{"taxonomy":"post_tag","embeddable":true,"href":"https:\/\/www.europesays.com\/fr\/wp-json\/wp\/v2\/tags?post=190343"}],"curies":[{"name":"wp","href":"https:\/\/api.w.org\/{rel}","templated":true}]}}