{"id":190351,"date":"2025-06-20T07:10:16","date_gmt":"2025-06-20T07:10:16","guid":{"rendered":"https:\/\/www.europesays.com\/fr\/190351\/"},"modified":"2025-06-20T07:10:16","modified_gmt":"2025-06-20T07:10:16","slug":"rouen-la-crise-de-nerf-des-habitants-dun-immeuble-de-11-etages-avec-les-pannes-successives-dascenseurs","status":"publish","type":"post","link":"https:\/\/www.europesays.com\/fr\/190351\/","title":{"rendered":"Rouen. La crise de nerf des habitants d&rsquo;un immeuble de 11 \u00e9tages avec les pannes successives d&rsquo;ascenseurs"},"content":{"rendered":"<p>            Par<br \/>\n        <strong><br \/>\n            <a href=\"https:\/\/actu.fr\/auteur\/adrien-filoche\" title=\"Consulter tous les articles de Adrien Filoche\" target=\"_blank\" rel=\"noopener\">Adrien Filoche<\/a><br \/>\n        <\/strong><\/p>\n<p>        Publi\u00e9 le<\/p>\n<p>            20 juin 2025 \u00e0 7h56        <\/p>\n<p>Les locataires de l\u2019immeuble du 6, rue du Champ-de-Mars, \u00e0 <a href=\"https:\/\/actu.fr\/normandie\/rouen_76540\" target=\"_blank\" rel=\"noopener\">Rouen (Seine-Maritime)<\/a> sont bien emb\u00eat\u00e9s. Depuis plusieurs jours, <strong>les deux ascenseurs<\/strong> sont en panne. Pour les personnes \u00e2g\u00e9es, <strong>les familles<\/strong>, les r\u00e9sidents aux \u00e9tages sup\u00e9rieurs \u2013 l\u2019immeuble fait 11 \u00e9tages \u2013 et ceux en situation de handicap, la situation devient <strong>invivable<\/strong>. D\u2019autant plus que ces pannes sont r\u00e9currentes.<\/p>\n<p>15\u00a0jours d\u2019ITT pour une r\u00e9sidente apr\u00e8s une chute<\/p>\n<p class=\" wall-content\">\u00ab\u2009Il faut savoir que l\u2019ascenseur est <strong>en panne une \u00e0 deux fois par semaine<\/strong>. Il est \u00e0 moiti\u00e9 r\u00e9par\u00e9 \u00e0 chaque fois\u2009\u00bb, peste Alison. Arriv\u00e9e en ao\u00fbt 2024, elle dresse le constat amer de la situation. \u00ab\u2009On nous dit que \u00e7a sera r\u00e9par\u00e9, mais on nous invente des pr\u00e9textes \u00e0 chaque fois\u2009\u00bb, pense-t-elle.<\/p>\n<p class=\" wall-content\">Laura Pouchin, une autre habitante, r\u00e9sume la situation en deux mots\u2009: \u00ab\u2009C\u2019est invivable.\u2009\u00bb Et de raconter, \u00ab\u2009jeudi 12\u00a0juin, <strong>je sortais mes chiens<\/strong>, ils \u00e9taient en bas en train de m\u2019attendre. J\u2019ai gliss\u00e9 et je suis parti en avant, puis en arri\u00e8re. J\u2019ai gliss\u00e9 jusqu\u2019en bas des marches sur le dos. J\u2019ai eu une tr\u00e8s grosse frayeur.\u2009\u00bb<\/p>\n<p class=\" wall-content\">D\u2019autant plus qu\u2019elle avait son b\u00e9b\u00e9 en porte-b\u00e9b\u00e9 (sur le ventre), \u00ab\u2009un nourrisson de deux mois\u2009\u00bb. \u00ab\u2009Je serais tomb\u00e9 devant, il aurait pu finir t\u00e9trapl\u00e9gique ou pire.\u2009\u00bb Elle s\u2019en sort avec 15\u00a0jours d\u2019ITT.<\/p>\n<p>Elle chute avec son b\u00e9b\u00e9 dans les bras<\/p>\n<p class=\" wall-content\">Cette maman c\u00e9libataire raconte que l\u2019ascenseur est \u00ab\u2009tomb\u00e9 en panne juste apr\u00e8s mon accouchement et \u00e0 mon retour, il \u00e9tait toujours en panne.\u2009Je suis rentr\u00e9 dimanche, j\u2019ai d\u00fb monter les huit \u00e9tages alors que j\u2019avais accouch\u00e9. Et, \u00e0 cause des pannes, j\u2019ai r\u00e9guli\u00e8rement d\u00fb monter les escaliers en \u00e9tant enceinte\u2009\u00bb.<\/p>\n<p class=\" wall-content\">Elle synth\u00e9tise\u2009: \u00ab\u2009il n\u2019y a pas un mois o\u00f9 il n\u2019y a pas de panne.\u2009\u00bb<\/p>\n<p class=\" wall-content\">Pour le bailleur,<strong> Rouen Habitat<\/strong>, on d\u00e9plore la situation. \u00ab\u2009Les d\u00e9sagr\u00e9ments sont regrettables pour les locataires, on le comprend.\u2009\u00bb \u00ab\u2009On a deux ascenseurs dans cet immeuble, l\u2019un d\u2019entre eux est tomb\u00e9 en panne le 30\u00a0mai, cet ascenseur a n\u00e9cessit\u00e9 des interventions, un des deux \u00e9tait en panne et l\u2019autre fonctionnait le 9\u00a0juin, le second ascenseur est tomb\u00e9 en panne depuis le 9\u00a0juin, il n\u2019y plus ascenseur\u2009\u00bb, explique le bailleur.<\/p>\n<p class=\" wall-content\">Il ajoute qu\u2019un \u00ab\u2009<strong>syst\u00e8me de portage<\/strong> pour les personnes, \u00e0 la demande\u2009\u00bb a \u00e9t\u00e9 mis en place ainsi qu\u2019une \u00ab\u2009plateforme t\u00e9l\u00e9phonique \u00e0 appeler pour demander une assistance pour monter l\u2019escalier\u2009\u00bb.<\/p>\n<p>Des pannes li\u00e9es aux surcharges ?<\/p>\n<p class=\" wall-content\">L\u2019un des deux ascenseurs est de nouveau op\u00e9rationnel depuis le 18 juin. Pour celui encore en panne\u2009: \u00ab\u2009Il devrait pouvoir \u00eatre remis en service fin de semaine, on esp\u00e8re jeudi ou vendredi. \u00bb<\/p>\n<p class=\" wall-content\">\u00ab\u2009On a r\u00e9guli\u00e8rement des<strong> d\u00e9m\u00e9nagements<\/strong>, les ascenseurs sont surcharg\u00e9s, les portes peuvent prendre des coups. Ces pannes sont li\u00e9es \u00e0 des surcharges ou des chocs li\u00e9s sur les portes\u2009\u00bb, avant de conc\u00e9der qu\u2019\u00ab\u2009il y a une meilleure communication \u00e0 avoir dans l\u2019immeuble pour \u00e9viter ces situations\u2009\u00bb.<\/p>\n<p>Suivez l\u2019actualit\u00e9 de Rouen <a href=\"https:\/\/www.whatsapp.com\/channel\/0029VaKfnf99hXF2ddApFB1D\" target=\"_blank\" rel=\"noopener\">sur notre cha\u00eene WhatsApp<\/a> et <a href=\"https:\/\/www.tiktok.com\/@76actu.fr?lang=fr\" target=\"_blank\" rel=\"noopener\">sur notre compte TikTok<\/a><\/p>\n<p class=\" wall-content\">Suivez toute l\u2019actualit\u00e9 de vos villes et m\u00e9dias favoris en vous inscrivant \u00e0 <a href=\"https:\/\/moncompte.actu.fr\" title=\"D\u00e9couvez Mon Actu\" rel=\"nofollow noopener\" data-trk=\"{&quot;cta&quot;:{&quot;action&quot;:&quot;https:\\\/\\\/moncompte.actu.fr&quot;,&quot;category&quot;:&quot;mon compte&quot;,&quot;from&quot;:&quot;article footer&quot;,&quot;name&quot;:&quot;Mon actu&quot;,&quot;type&quot;:&quot;cta&quot;}}\" target=\"_blank\">Mon Actu<\/a>.<\/p>\n<p>                    <script async src=\"\/\/www.tiktok.com\/embed.js\"><\/script><\/p>\n","protected":false},"excerpt":{"rendered":"Par Adrien Filoche Publi\u00e9 le 20 juin 2025 \u00e0 7h56 Les locataires de l\u2019immeuble du 6, rue du&hellip;\n","protected":false},"author":2,"featured_media":190352,"comment_status":"","ping_status":"","sticky":false,"template":"","format":"standard","meta":{"footnotes":""},"categories":[9587],"tags":[1111,11,1777,674,1011,27,1116,12,5161,25,9590,104,3400],"class_list":{"0":"post-190351","1":"post","2":"type-post","3":"status-publish","4":"format-standard","5":"has-post-thumbnail","7":"category-rouen","8":"tag-actu","9":"tag-actualites","10":"tag-eu","11":"tag-europe","12":"tag-fr","13":"tag-france","14":"tag-immobilier","15":"tag-news","16":"tag-normandie","17":"tag-republique-francaise","18":"tag-rouen","19":"tag-societe","20":"tag-solidarite"},"share_on_mastodon":{"url":"https:\/\/pubeurope.com\/@fr\/114714445332845086","error":""},"_links":{"self":[{"href":"https:\/\/www.europesays.com\/fr\/wp-json\/wp\/v2\/posts\/190351","targetHints":{"allow":["GET"]}}],"collection":[{"href":"https:\/\/www.europesays.com\/fr\/wp-json\/wp\/v2\/posts"}],"about":[{"href":"https:\/\/www.europesays.com\/fr\/wp-json\/wp\/v2\/types\/post"}],"author":[{"embeddable":true,"href":"https:\/\/www.europesays.com\/fr\/wp-json\/wp\/v2\/users\/2"}],"replies":[{"embeddable":true,"href":"https:\/\/www.europesays.com\/fr\/wp-json\/wp\/v2\/comments?post=190351"}],"version-history":[{"count":0,"href":"https:\/\/www.europesays.com\/fr\/wp-json\/wp\/v2\/posts\/190351\/revisions"}],"wp:featuredmedia":[{"embeddable":true,"href":"https:\/\/www.europesays.com\/fr\/wp-json\/wp\/v2\/media\/190352"}],"wp:attachment":[{"href":"https:\/\/www.europesays.com\/fr\/wp-json\/wp\/v2\/media?parent=190351"}],"wp:term":[{"taxonomy":"category","embeddable":true,"href":"https:\/\/www.europesays.com\/fr\/wp-json\/wp\/v2\/categories?post=190351"},{"taxonomy":"post_tag","embeddable":true,"href":"https:\/\/www.europesays.com\/fr\/wp-json\/wp\/v2\/tags?post=190351"}],"curies":[{"name":"wp","href":"https:\/\/api.w.org\/{rel}","templated":true}]}}