{"id":190359,"date":"2025-06-20T07:14:15","date_gmt":"2025-06-20T07:14:15","guid":{"rendered":"https:\/\/www.europesays.com\/fr\/190359\/"},"modified":"2025-06-20T07:14:15","modified_gmt":"2025-06-20T07:14:15","slug":"greffe-miracule-du-foie-il-consacre-sa-vie-au-don-dorganes","status":"publish","type":"post","link":"https:\/\/www.europesays.com\/fr\/190359\/","title":{"rendered":"Greff\u00e9 \u00ab\u00a0miracul\u00e9\u00a0\u00bb du foie, il consacre sa vie au don d\u2019organes"},"content":{"rendered":"<p>Le 17 mai 2022, Jean-Luc Reynes f\u00eate ses 57 ans avec sa m\u00e8re et son fils a\u00een\u00e9 dans un restaurant du port de Perros-Guirec (22). Au cours du repas, qu\u2019il touche \u00e0 peine, son teint se cuivre, puis se dore. Ses proches s\u2019inqui\u00e8tent. \u00ab\u00a0Tout va bien\u00a0\u00bb, minimise-t-il, camouflant sa souffrance, comme d\u2019habitude. Pr\u00e8s de quatre mois plus t\u00f4t, le diagnostic d\u2019un h\u00e9patologue du CHU de Pontchaillou, \u00e0 Rennes, a boulevers\u00e9 sa vie\u00a0: il est atteint d\u2019une st\u00e9atose, maladie h\u00e9r\u00e9ditaire du foie. La greffe sera in\u00e9vitable. <\/p>\n<p>En d\u00e9compensation, l\u2019organe touch\u00e9 \u00ab\u00a0crache\u00a0\u00bb de l\u2019ascite, un liquide qui lui \u00ab\u00a0flingue tout\u00a0\u00bb dans l\u2019estomac. On lui en ponctionne quatre \u00e0 six litres chaque jour\ufeff. Jean-Luc Reynes brave la douleur. Jusqu\u2019\u00e0 cette terrible journ\u00e9e d\u2019anniversaire. En rentrant chez lui, \u00e0 Lannion (22), il s\u2019\u00e9croule dans la cour de sa maison. Transf\u00e9r\u00e9 \u00e0 Pontchaillou, son pronostic vital est engag\u00e9. \u00ab\u00a0J\u2019\u00e9tais inconscient, je n\u2019ai m\u00eame pas pu profiter du voyage en h\u00e9licopt\u00e8re\u00a0\u00bb, plaisante ce grand blagueur. <\/p>\n<p>D\u00e9bute \u00ab\u00a0une logistique de champion du monde dont les gens ne se rendent pas compte\u00a0\u00bb et un sombre compte \u00e0 rebours s\u2019enclenche. \u00ab\u00a0On doit me trouver un foie dans les douze jours ou alors, c\u2019en est fini. Il est arriv\u00e9 au bout du dixi\u00e8me. \u00c0 ce niveau-l\u00e0, on est un cran au-dessus du miracle\u00a0\u00bb, sourit l\u2019ancien chef d\u2019entreprise.<\/p>\n<p>Il perd 50 kg \u00e0 l\u2019h\u00f4pital<\/p>\n<p>L\u2019op\u00e9ration chirurgicale dure pr\u00e8s de dix heures, compliqu\u00e9e par une crise cardiaque &#8211; \u00ab\u00a0quitte \u00e0 \u00eatre sur le billard, autant tout faire d\u2019un coup\u00a0!\u00a0\u00bb. Durant ses deux mois et demi d\u2019hospitalisation ponctu\u00e9e de \u00ab\u00a0d\u00e9lires\u00a0\u00bb m\u00e9dicamenteux, Jean-Luc Reynes perd 50 kg. \u00ab\u00a0Apr\u00e8s une greffe, le corps prend une \u00e9norme baffe.\u00a0\u00bb Le moral aussi. Difficile pour ce \u00ab\u00a0viandard\u00a0\u00bb de ne plus go\u00fbter une c\u00f4te de b\u0153uf et de se contenter de blanc de poulet, \u00ab\u00a0\u00e9videmment sans la mayo\u00a0\u00bb. <\/p>\n<p>P\u00e9nible, aussi, de ne plus toucher un club de golf, dont il a pu reprendre la pratique il y a un an. Sans parler des soins quotidiens, des examens hebdomadaires et, plus tard, des anti-rejets (sudations nocturnes, crampes, tremblements, diarrh\u00e9es) qu\u2019il devra supporter toute sa vie\ufeff.<\/p>\n<p>\u00ab\u00a0Un cadeau de la vie\u00a0\u00bb<\/p>\n<p>\u00ab\u00a0C\u2019est tout un mode de vie qui s\u2019\u00e9croule, mais j\u2019ai vite eu conscience de ma chance. J\u2019ai re\u00e7u un cadeau de la vie et je ne compte pas le g\u00e2cher, c\u2019est le respect au donneur, explique-t-il, soudain tr\u00e8s s\u00e9rieux. Je ne bois, par exemple, plus d\u2019alcool, m\u00eame si j\u2019y suis d\u00e9sormais autoris\u00e9\ufeff. \ufeffJe suis un nouveau-n\u00e9.\u00a0\u00bb<\/p>\n<p>Pour remonter la pente, Jean-Luc Reynes a aussi pu compter sur <a href=\"https:\/\/transhepate-ouest.org\/\" target=\"_blank\" rel=\"noopener\">Transh\u00e9pate<\/a> et son ancien pr\u00e9sident r\u00e9gional, Patrick Rault. \u00ab\u00a0Il a toqu\u00e9 \u00e0 ma porte, un jour. J\u2019ai longuement \u00e9cout\u00e9. Sa visite, a, elle aussi chang\u00e9 ma vie. Je me suis totalement investi dans cette action.\u00a0\u00bb <\/p>\n<p>En plus de b\u00e9n\u00e9ficier du soutien de l\u2019association venant en aide aux malades et transplant\u00e9s h\u00e9patiques depuis 1985 \u00e0 l\u2019\u00e9chelle nationale, le Lannionnais en devient \u00e0 son tour d\u00e9l\u00e9gu\u00e9, visiteur de greff\u00e9s, chaque mercredi. \u00ab\u00a0Des moments d\u00e9licats, car nous ne sommes pas psy. Il y a donc tout un discours \u00e0 adopter. Il faut aussi savoir se prot\u00e9ger, car chaque visite nous renvoie \u00e0 notre propre maladie. Il m\u2019est souvent arriv\u00e9 de pleurer.\u00a0\u00bb<\/p>\n<p>Une mission\u00a0: communiquer et convaincre<\/p>\n<p>\u00c9lu pr\u00e9sident de Transh\u00e9pate Bretagne-Ouest le 23 mars 2024, il devient aussi \u00e9ducateur th\u00e9rapeutique, conf\u00e9rencier en \u00e9cole d\u2019infirmi\u00e8res, prend la parole devant des chirurgiens exp\u00e9riment\u00e9s, suit une formation en diab\u00e9tologie. Avec, chaque jour, la m\u00eame mission\u00a0: communiquer, \u00ab\u00a0encore et encore\u00a0\u00bb, persuader les villes, mais aussi les entreprises, comme il en a eu l\u2019id\u00e9e, de devenir des ambassadrices du don d\u2019organes \u00ab\u00a0pour que partout, on se d\u00e9cide \u00e0 \u00e9voquer le sujet et que chacun y r\u00e9fl\u00e9chisse\u00a0\u00bb. <\/p>\n<p>Mais aussi lever le tabou du pr\u00e9l\u00e8vement d\u2019organes, m\u00eame en Bretagne, la r\u00e9gion de France o\u00f9 le taux de refus des familles de d\u00e9funt reste d\u2019ann\u00e9e en ann\u00e9e le moins \u00e9lev\u00e9 (21,3\u00a0% en 2024 contre 36,4\u00a0% \u00e0 l\u2019\u00e9chelle nationale). \u00ab\u00a0Les proches craignent pour l\u2019int\u00e9grit\u00e9 du corps ou y voient une seconde mort, alors que c\u2019est une occasion de sauver une vie\u00a0\u00bb, insiste Jean-Luc Reynes. <\/p>\n<p>En France, 20\u00a0000 patients sont actuellement en attente d\u2019un organe. Chaque ann\u00e9e, pr\u00e8s de 1\u00a0000 personnes d\u00e9c\u00e8dent par manque de greffons disponibles.<\/p>\n","protected":false},"excerpt":{"rendered":"Le 17 mai 2022, Jean-Luc Reynes f\u00eate ses 57 ans avec sa m\u00e8re et son fils a\u00een\u00e9 dans&hellip;\n","protected":false},"author":2,"featured_media":190360,"comment_status":"","ping_status":"","sticky":false,"template":"","format":"standard","meta":{"footnotes":""},"categories":[2821],"tags":[1111,11,829,2171,1777,674,1011,27,5862,12,9026,4853,584,25,71],"class_list":{"0":"post-190359","1":"post","2":"type-post","3":"status-publish","4":"format-standard","5":"has-post-thumbnail","7":"category-rennes","8":"tag-actu","9":"tag-actualites","10":"tag-bretagne","11":"tag-cotes-darmor","12":"tag-eu","13":"tag-europe","14":"tag-fr","15":"tag-france","16":"tag-lannion","17":"tag-news","18":"tag-portrait","19":"tag-portraits","20":"tag-rennes","21":"tag-republique-francaise","22":"tag-sante"},"share_on_mastodon":{"url":"https:\/\/pubeurope.com\/@fr\/114714461015160257","error":""},"_links":{"self":[{"href":"https:\/\/www.europesays.com\/fr\/wp-json\/wp\/v2\/posts\/190359","targetHints":{"allow":["GET"]}}],"collection":[{"href":"https:\/\/www.europesays.com\/fr\/wp-json\/wp\/v2\/posts"}],"about":[{"href":"https:\/\/www.europesays.com\/fr\/wp-json\/wp\/v2\/types\/post"}],"author":[{"embeddable":true,"href":"https:\/\/www.europesays.com\/fr\/wp-json\/wp\/v2\/users\/2"}],"replies":[{"embeddable":true,"href":"https:\/\/www.europesays.com\/fr\/wp-json\/wp\/v2\/comments?post=190359"}],"version-history":[{"count":0,"href":"https:\/\/www.europesays.com\/fr\/wp-json\/wp\/v2\/posts\/190359\/revisions"}],"wp:featuredmedia":[{"embeddable":true,"href":"https:\/\/www.europesays.com\/fr\/wp-json\/wp\/v2\/media\/190360"}],"wp:attachment":[{"href":"https:\/\/www.europesays.com\/fr\/wp-json\/wp\/v2\/media?parent=190359"}],"wp:term":[{"taxonomy":"category","embeddable":true,"href":"https:\/\/www.europesays.com\/fr\/wp-json\/wp\/v2\/categories?post=190359"},{"taxonomy":"post_tag","embeddable":true,"href":"https:\/\/www.europesays.com\/fr\/wp-json\/wp\/v2\/tags?post=190359"}],"curies":[{"name":"wp","href":"https:\/\/api.w.org\/{rel}","templated":true}]}}