{"id":190361,"date":"2025-06-20T07:16:10","date_gmt":"2025-06-20T07:16:10","guid":{"rendered":"https:\/\/www.europesays.com\/fr\/190361\/"},"modified":"2025-06-20T07:16:10","modified_gmt":"2025-06-20T07:16:10","slug":"les-jeunes-elus-begarrois-en-visite-au-conseil-regional-a-rennes","status":"publish","type":"post","link":"https:\/\/www.europesays.com\/fr\/190361\/","title":{"rendered":"Les jeunes \u00e9lus B\u00e9garrois en visite au Conseil r\u00e9gional \u00e0 Rennes"},"content":{"rendered":"<p>Mercredi 21 mai, les quinze jeunes \u00e9lus repr\u00e9sentant les \u00e9coles publiques No\u00ebl Bernard, de Tr\u00e9z\u00e9lan et de l\u2019\u00e9cole Anne Leroy sont partis pour la journ\u00e9e \u00e0 Rennes pour des visites institutionnelles. Ils \u00e9taient encadr\u00e9s par le maire, Vincent Clec\u2019h, Sylviane Biczo et Laurent Le Coq, adjoints, Pauline Benech, conseill\u00e8re municipale et V\u00e9ronique Roussel du service enfance. Le groupe \u00e9tait accompagn\u00e9 d\u2019une d\u00e9l\u00e9gation de jeunes \u00e9lus de Pluzunet.<\/p>\n<p>La matin\u00e9e a d\u00e9but\u00e9 avec la visite du Conseil r\u00e9gional o\u00f9 les jeunes \u00e9lus ont \u00e9t\u00e9 accueillis par Arnaud Toudic, conseiller r\u00e9gional b\u00e9garrois, qui s\u2019est fait guide pour la visite des lieux et leur a expliqu\u00e9 les comp\u00e9tences de la R\u00e9gion et le r\u00f4le des conseillers r\u00e9gionaux.<\/p>\n<p>Apr\u00e8s la pause d\u00e9jeuner, les jeunes \u00e9lus ont visit\u00e9 le Parlement de Bretagne. Sur place, une guide a retrac\u00e9 l\u2019histoire du site. La journ\u00e9e \u00e0 Rennes s\u2019est achev\u00e9e par un passage au Jardin du Thabor, un v\u00e9ritable enchantement avec sa richesse florale. Les enfants sont revenus ravis de leurs visites.<\/p>\n","protected":false},"excerpt":{"rendered":"Mercredi 21 mai, les quinze jeunes \u00e9lus repr\u00e9sentant les \u00e9coles publiques No\u00ebl Bernard, de Tr\u00e9z\u00e9lan et de l\u2019\u00e9cole&hellip;\n","protected":false},"author":2,"featured_media":190362,"comment_status":"","ping_status":"","sticky":false,"template":"","format":"standard","meta":{"footnotes":""},"categories":[2821],"tags":[1111,11,32820,829,1777,674,1011,27,12,584,25],"class_list":{"0":"post-190361","1":"post","2":"type-post","3":"status-publish","4":"format-standard","5":"has-post-thumbnail","7":"category-rennes","8":"tag-actu","9":"tag-actualites","10":"tag-begard","11":"tag-bretagne","12":"tag-eu","13":"tag-europe","14":"tag-fr","15":"tag-france","16":"tag-news","17":"tag-rennes","18":"tag-republique-francaise"},"share_on_mastodon":{"url":"https:\/\/pubeurope.com\/@fr\/114714468933068959","error":""},"_links":{"self":[{"href":"https:\/\/www.europesays.com\/fr\/wp-json\/wp\/v2\/posts\/190361","targetHints":{"allow":["GET"]}}],"collection":[{"href":"https:\/\/www.europesays.com\/fr\/wp-json\/wp\/v2\/posts"}],"about":[{"href":"https:\/\/www.europesays.com\/fr\/wp-json\/wp\/v2\/types\/post"}],"author":[{"embeddable":true,"href":"https:\/\/www.europesays.com\/fr\/wp-json\/wp\/v2\/users\/2"}],"replies":[{"embeddable":true,"href":"https:\/\/www.europesays.com\/fr\/wp-json\/wp\/v2\/comments?post=190361"}],"version-history":[{"count":0,"href":"https:\/\/www.europesays.com\/fr\/wp-json\/wp\/v2\/posts\/190361\/revisions"}],"wp:featuredmedia":[{"embeddable":true,"href":"https:\/\/www.europesays.com\/fr\/wp-json\/wp\/v2\/media\/190362"}],"wp:attachment":[{"href":"https:\/\/www.europesays.com\/fr\/wp-json\/wp\/v2\/media?parent=190361"}],"wp:term":[{"taxonomy":"category","embeddable":true,"href":"https:\/\/www.europesays.com\/fr\/wp-json\/wp\/v2\/categories?post=190361"},{"taxonomy":"post_tag","embeddable":true,"href":"https:\/\/www.europesays.com\/fr\/wp-json\/wp\/v2\/tags?post=190361"}],"curies":[{"name":"wp","href":"https:\/\/api.w.org\/{rel}","templated":true}]}}