{"id":190370,"date":"2025-06-20T07:21:16","date_gmt":"2025-06-20T07:21:16","guid":{"rendered":"https:\/\/www.europesays.com\/fr\/190370\/"},"modified":"2025-06-20T07:21:16","modified_gmt":"2025-06-20T07:21:16","slug":"quartier-de-la-sante-a-nantes-le-batiment-gina-est-la-piece-maitresse-de-la-recherche","status":"publish","type":"post","link":"https:\/\/www.europesays.com\/fr\/190370\/","title":{"rendered":"Quartier de la Sant\u00e9 \u00e0 Nantes, le b\u00e2timent Gina est la pi\u00e8ce ma\u00eetresse de la recherche"},"content":{"rendered":"<p>Les premiers occupants du b\u00e2timent Gina, pi\u00e8ce ma\u00eetresse du campus de l\u2019innovation, intitul\u00e9 Station S, voisin du futur CHU, rue Suzanne-K\u00e9p\u00e8s sur l\u2019\u00eele de Nantes, sont d\u00e9j\u00e0 arriv\u00e9s. Comme Redeem m\u00e9dical, sp\u00e9cialiste dans le reconditionnement d\u2019attelles et orth\u00e8ses, en attendant les prochains, \u00e0 partir du mois de septembre. Parmi &#8230;<\/p>\n<p>\u00a0<\/p>\n","protected":false},"excerpt":{"rendered":"Les premiers occupants du b\u00e2timent Gina, pi\u00e8ce ma\u00eetresse du campus de l\u2019innovation, intitul\u00e9 Station S, voisin du futur&hellip;\n","protected":false},"author":2,"featured_media":190371,"comment_status":"","ping_status":"","sticky":false,"template":"","format":"standard","meta":{"footnotes":""},"categories":[2818],"tags":[1111,11,4807,1777,674,1011,27,32821,32822,766,12,2636,15459,5775,959,25,6689,71,9693],"class_list":{"0":"post-190370","1":"post","2":"type-post","3":"status-publish","4":"format-standard","5":"has-post-thumbnail","7":"category-nantes","8":"tag-actu","9":"tag-actualites","10":"tag-batiment","11":"tag-eu","12":"tag-europe","13":"tag-fr","14":"tag-france","15":"tag-gina","16":"tag-maitresse","17":"tag-nantes","18":"tag-news","19":"tag-pays-de-la-loire","20":"tag-piece","21":"tag-quartier","22":"tag-recherche","23":"tag-republique-francaise","24":"tag-roche","25":"tag-sante","26":"tag-yon"},"share_on_mastodon":{"url":"https:\/\/pubeurope.com\/@fr\/114714488572270984","error":""},"_links":{"self":[{"href":"https:\/\/www.europesays.com\/fr\/wp-json\/wp\/v2\/posts\/190370","targetHints":{"allow":["GET"]}}],"collection":[{"href":"https:\/\/www.europesays.com\/fr\/wp-json\/wp\/v2\/posts"}],"about":[{"href":"https:\/\/www.europesays.com\/fr\/wp-json\/wp\/v2\/types\/post"}],"author":[{"embeddable":true,"href":"https:\/\/www.europesays.com\/fr\/wp-json\/wp\/v2\/users\/2"}],"replies":[{"embeddable":true,"href":"https:\/\/www.europesays.com\/fr\/wp-json\/wp\/v2\/comments?post=190370"}],"version-history":[{"count":0,"href":"https:\/\/www.europesays.com\/fr\/wp-json\/wp\/v2\/posts\/190370\/revisions"}],"wp:featuredmedia":[{"embeddable":true,"href":"https:\/\/www.europesays.com\/fr\/wp-json\/wp\/v2\/media\/190371"}],"wp:attachment":[{"href":"https:\/\/www.europesays.com\/fr\/wp-json\/wp\/v2\/media?parent=190370"}],"wp:term":[{"taxonomy":"category","embeddable":true,"href":"https:\/\/www.europesays.com\/fr\/wp-json\/wp\/v2\/categories?post=190370"},{"taxonomy":"post_tag","embeddable":true,"href":"https:\/\/www.europesays.com\/fr\/wp-json\/wp\/v2\/tags?post=190370"}],"curies":[{"name":"wp","href":"https:\/\/api.w.org\/{rel}","templated":true}]}}