{"id":190382,"date":"2025-06-20T07:27:08","date_gmt":"2025-06-20T07:27:08","guid":{"rendered":"https:\/\/www.europesays.com\/fr\/190382\/"},"modified":"2025-06-20T07:27:08","modified_gmt":"2025-06-20T07:27:08","slug":"robensy-liberius-originaire-dhaiti-seul-pretre-ordonne-pour-le-diocese-de-lille","status":"publish","type":"post","link":"https:\/\/www.europesays.com\/fr\/190382\/","title":{"rendered":"Robensy Lib\u00e9rius, originaire d&rsquo;Ha\u00efti, seul pr\u00eatre ordonn\u00e9 pour le dioc\u00e8se de Lille"},"content":{"rendered":"<p>            Par<br \/>\n        <strong><br \/>\n            <a href=\"https:\/\/actu.fr\/auteur\/annesophie-2\" title=\"Consulter tous les articles de Anne-Sophie Hourdeaux\" target=\"_blank\" rel=\"noopener\">Anne-Sophie Hourdeaux<\/a><br \/>\n        <\/strong><\/p>\n<p>        Publi\u00e9 le<\/p>\n<p>            20 juin 2025 \u00e0 8h46        <\/p>\n<p><b>Dimanche 22\u00a0juin 2025<\/b>, \u00e0 15 h 30 en la<b> cath\u00e9drale <a href=\"https:\/\/actu.fr\/tag\/notre-dame-de-la-treille\" target=\"_blank\" rel=\"noopener\">Notre-Dame de la Treille<\/a> \u00e0 Lille<\/b>, Robensy Lib\u00e9rius, 32\u00a0ans, sera<b> ordonn\u00e9 pr\u00eatre pour le dioc\u00e8se de Lille<\/b>. Il vit en France depuis 3 ans et demi, il a quitt\u00e9 son pays, Ha\u00efti, pour sa nouvelle vie. Il sera le seul pr\u00eatre ordonn\u00e9 pour le dioc\u00e8se de Lille cette ann\u00e9e, Charles Midol, 33 ans, \u00e9tant ordonn\u00e9 avec lui diacre en vue du presbyt\u00e9rat. Rencontre.<\/p>\n<p>Enfance en Ha\u00efti<\/p>\n<p class=\" wall-content\">C\u2019est tr\u00e8s jeune que Robensy Lib\u00e9rius a pens\u00e9 \u00e0 la pr\u00eatrise, vivant dans une famille catholique investie. \u00ab Je suis l\u2019avant-dernier d\u2019une famille de 8 enfants. Mes parents nous ont toujours accompagn\u00e9s dans une vie chr\u00e9tienne \u00bb, confie-t-il.<\/p>\n<p class=\" wall-content\">Il entame sa formation de \u00ab prop\u00e9deutique \u00bb pr\u00e8s de chez lui, \u00e0 Hinche, puis poursuit par deux ans de philosophie, une ann\u00e9e de stage et une formation en th\u00e9ologie entre\u00a02016 et\u00a02020.<\/p>\n<p>Le choix de la France<\/p>\n<p class=\" wall-content\">C\u2019est alors que lui est propos\u00e9 de partir en France. \u00ab C\u2019est d\u2019abord un dialogue entre deux \u00e9v\u00eaques, le mien en Ha\u00efti et celui de Lille. Je fais confiance dans cet appel particulier. Je me dis que Dieu est \u00e0 l\u2019\u0153uvre dans cette proposition. \u00bb Car son d\u00e9part en France ne signifie pas seulement finir ses \u00e9tudes de s\u00e9minariste, il veut choisir de rester dans le dioc\u00e8se de Lille toute sa vie.<\/p>\n<p class=\" wall-content\">\u00ab Je suis arriv\u00e9 en 2021 pour passer ma licence canonique, j\u2019ai d\u2019abord \u00e9t\u00e9 h\u00e9berg\u00e9 \u00e0 la Maison Saint-Andr\u00e9 dans le Vieux-Lille, qui a d\u00e9m\u00e9nag\u00e9 rue Solf\u00e9rino \u00e0 Lille. \u00bb Il s\u2019est engag\u00e9 dans la vie locale, chr\u00e9tienne ou non : \u00ab J\u2019accompagnais alors l\u2019aum\u00f4nerie d\u2019enseignement public, les servants d\u2019autel, j\u2019\u00e9tais b\u00e9n\u00e9vole \u00e0 l\u2019Ehpad des B\u00e2teliers et \u00e0 l\u2019association Magdala aupr\u00e8s des personnes pr\u00e9caires. \u00bb<\/p>\n<p class=\" wall-content\">Depuis 2023, il aide en paroisse \u00e0 Ronchin. \u00ab J\u2019accompagne les jeunes de l\u2019aum\u00f4nerie de Wattignies-Templemars, je c\u00e9l\u00e8bre les bapt\u00eames, les fun\u00e9railles, et jusqu\u2019ici un mariage ! \u00bb<\/p>\n<p>Serviteur<\/p>\n<p class=\" wall-content\">Que signifie \u00eatre pr\u00eatre pour lui ? \u00ab C\u2019est \u00eatre serviteur \u00e0 la mani\u00e8re du Christ \u00bb. N\u00e9 dans un pays tr\u00e8s pratiquant, il s\u2019adapte \u00e0 la culture fran\u00e7aise, \u00e0 une soci\u00e9t\u00e9 d\u00e9christianis\u00e9e. \u00ab C\u2019est un grand d\u00e9fi, mais le Seigneur sait ce qu\u2019il fait ! Je le vis dans la confiance, je sais que l\u2019Esprit Saint travaille. Je vois beaucoup de jeunes frapper \u00e0 la porte de l\u2019\u00c9glise, plusieurs centaines ont demand\u00e9 la confirmation \u00e0 Lille cette ann\u00e9e. Nous aurons de nouveaux pr\u00eatres, j\u2019ai espoir \u00bb.<\/p>\n<p>Susciter la foi<\/p>\n<p class=\" wall-content\">Il esp\u00e8re que son choix de vie pourra interpeller : \u00ab Je me suis rendu disponible pour servir l\u2019\u00c9glise et le Seigneur, jusqu\u2019\u00e0 quitter ma famille et mon pays, je me donne tout entier \u00e0 la mission ! \u00c7a peut peut-\u00eatre dire quelque chose aux gens que je croiserai, ce don total peut susciter la foi en notre Seigneur\u2026 \u00bb<\/p>\n<p class=\" wall-content\">Quel regard porte-t-il sur la foi en France ? \u00ab Faire l\u2019exp\u00e9rience d\u2019un autre pays m\u2019aide \u00e0 grandir personnellement et spirituellement. C\u2019est une joie d\u2019\u00eatre ici ! Ma premi\u00e8re surprise est d\u2019avoir d\u00e9couvert une \u00c9glise tr\u00e8s \u2018synodale\u2019 en France, c\u2019est-\u00e0-dire marqu\u00e9e par la participation de tous, y compris les la\u00efcs. \u00bb<\/p>\n<p class=\" wall-content\">Son engagement avec les jeunes l\u2019aide \u00e0 s\u2019int\u00e9grer. \u00ab En tant qu\u2019\u00e9tranger accueilli fraternellement en terre fran\u00e7aise, ces jeunes deviennent aussi pour moi des m\u00e9diateurs de culture et de langage. Cela me permet, progressivement et humblement, de mieux comprendre mon environnement eccl\u00e9sial et d\u2019y interagir. Ainsi, je peux exercer ma mission avec plus de s\u00e9r\u00e9nit\u00e9, de lucidit\u00e9 et de confiance, \u00e0 la lumi\u00e8re de l\u2019Esprit Saint \u00bb.<\/p>\n<p>Marie, le cur\u00e9 d\u2019Ars\u2026 et le foot !<\/p>\n<p class=\" wall-content\">Il aura deux devises : \u00ab Mon \u00e2me exalte le Seigneur \u00bb du Magnificat ; et \u00ab Pr\u00eatre pour vous \u00bb, du saint cur\u00e9 d\u2019Ars, qui pour lui est un mod\u00e8le de pr\u00eatre. \u00ab J\u2019ai \u00e9t\u00e9 fa\u00e7onn\u00e9 par la spiritualit\u00e9 de Saint Jean-Marie Vianney. Une spiritualit\u00e9 marqu\u00e9e par une grande humilit\u00e9 et de confiance au Seigneur ; un amour profond pour les sacrements de l\u2019Eucharistie. Elle nous rappelle avec force que la saintet\u00e9 est accessible \u00e0 tous. Il avait pour devise : \u2018Aimer Dieu et faire aimer Dieu\u2019. Il disait : \u2018Le pr\u00eatre n\u2019est pas pr\u00eatre pour lui-m\u00eame, il est pr\u00eatre pour vous\u2019. \u00bb<\/p>\n<p class=\" wall-content\">Malheureusement, \u00e0 cause de probl\u00e8mes administratifs, sa famille ne pourra pas assister \u00e0 son ordination. Il a une pens\u00e9e pour son pays. \u00ab Ce pays que j\u2019aime et qui a tant souffert depuis plus de 25 ans. Je confie mon peuple \u00e0 la mis\u00e9ricorde du Seigneur puisqu\u2019en ce moment m\u00eame, l\u2019ins\u00e9curit\u00e9 et toutes sortes d\u2019injustices ravagent tant de vies innocentes, d\u00e9truisent des familles et assombrissent l\u2019esp\u00e9rance. \u00bb<\/p>\n<p class=\" wall-content\">Incardin\u00e9 dans le dioc\u00e8se de Lille, il retournera en Ha\u00efti, mais uniquement pour des vacances. \u00ab Mais il y a les nouvelles technologies pour garder contact avec ma nombreuse famille ! \u00bb<\/p>\n<p class=\" wall-content\">\u00c0 Lille, il pourra continue rune de ses passions : le sport, et surtout le foot ! \u00ab Je le pratique entre amis, et je supporte le LOSC, le Real Madrid et le PSG \u00bb.<\/p>\n<p class=\" wall-content\">Suivez toute l\u2019actualit\u00e9 de vos villes et m\u00e9dias favoris en vous inscrivant \u00e0 <a href=\"https:\/\/moncompte.actu.fr\" title=\"D\u00e9couvez Mon Actu\" rel=\"nofollow noopener\" data-trk=\"{&quot;cta&quot;:{&quot;action&quot;:&quot;https:\\\/\\\/moncompte.actu.fr&quot;,&quot;category&quot;:&quot;mon compte&quot;,&quot;from&quot;:&quot;article footer&quot;,&quot;name&quot;:&quot;Mon actu&quot;,&quot;type&quot;:&quot;cta&quot;}}\" target=\"_blank\">Mon Actu<\/a>.<\/p>\n<ul class=\"ac-article-tag wall-content\">\n<li><a href=\"https:\/\/actu.fr\/tag\/notre-dame-de-la-treille\" data-trk=\"{&quot;cta&quot;:{&quot;action&quot;:&quot;Notre-Dame de la Treille&quot;,&quot;category&quot;:&quot;tag&quot;,&quot;from&quot;:&quot;article footer&quot;,&quot;name&quot;:&quot;Notre-Dame de la Treille&quot;,&quot;type&quot;:&quot;cta&quot;}}\" target=\"_blank\" rel=\"noopener\">#Notre-Dame de la Treille<\/a><\/li>\n<li><a href=\"https:\/\/actu.fr\/tag\/religion\" data-trk=\"{&quot;cta&quot;:{&quot;action&quot;:&quot;Religion&quot;,&quot;category&quot;:&quot;tag&quot;,&quot;from&quot;:&quot;article footer&quot;,&quot;name&quot;:&quot;Religion&quot;,&quot;type&quot;:&quot;cta&quot;}}\" target=\"_blank\" rel=\"noopener\">#Religion<\/a><\/li>\n<\/ul>\n","protected":false},"excerpt":{"rendered":"Par Anne-Sophie Hourdeaux Publi\u00e9 le 20 juin 2025 \u00e0 8h46 Dimanche 22\u00a0juin 2025, \u00e0 15 h 30 en&hellip;\n","protected":false},"author":2,"featured_media":190383,"comment_status":"","ping_status":"","sticky":false,"template":"","format":"standard","meta":{"footnotes":""},"categories":[2815],"tags":[1111,11,1777,674,1011,27,811,1307,1652,12,12673,4020,25],"class_list":{"0":"post-190382","1":"post","2":"type-post","3":"status-publish","4":"format-standard","5":"has-post-thumbnail","7":"category-lille","8":"tag-actu","9":"tag-actualites","10":"tag-eu","11":"tag-europe","12":"tag-fr","13":"tag-france","14":"tag-hauts-de-france","15":"tag-lille","16":"tag-loisirs-culture","17":"tag-news","18":"tag-notre-dame-de-la-treille","19":"tag-religion","20":"tag-republique-francaise"},"share_on_mastodon":{"url":"https:\/\/pubeurope.com\/@fr\/114714512144813432","error":""},"_links":{"self":[{"href":"https:\/\/www.europesays.com\/fr\/wp-json\/wp\/v2\/posts\/190382","targetHints":{"allow":["GET"]}}],"collection":[{"href":"https:\/\/www.europesays.com\/fr\/wp-json\/wp\/v2\/posts"}],"about":[{"href":"https:\/\/www.europesays.com\/fr\/wp-json\/wp\/v2\/types\/post"}],"author":[{"embeddable":true,"href":"https:\/\/www.europesays.com\/fr\/wp-json\/wp\/v2\/users\/2"}],"replies":[{"embeddable":true,"href":"https:\/\/www.europesays.com\/fr\/wp-json\/wp\/v2\/comments?post=190382"}],"version-history":[{"count":0,"href":"https:\/\/www.europesays.com\/fr\/wp-json\/wp\/v2\/posts\/190382\/revisions"}],"wp:featuredmedia":[{"embeddable":true,"href":"https:\/\/www.europesays.com\/fr\/wp-json\/wp\/v2\/media\/190383"}],"wp:attachment":[{"href":"https:\/\/www.europesays.com\/fr\/wp-json\/wp\/v2\/media?parent=190382"}],"wp:term":[{"taxonomy":"category","embeddable":true,"href":"https:\/\/www.europesays.com\/fr\/wp-json\/wp\/v2\/categories?post=190382"},{"taxonomy":"post_tag","embeddable":true,"href":"https:\/\/www.europesays.com\/fr\/wp-json\/wp\/v2\/tags?post=190382"}],"curies":[{"name":"wp","href":"https:\/\/api.w.org\/{rel}","templated":true}]}}