{"id":190390,"date":"2025-06-20T07:31:11","date_gmt":"2025-06-20T07:31:11","guid":{"rendered":"https:\/\/www.europesays.com\/fr\/190390\/"},"modified":"2025-06-20T07:31:11","modified_gmt":"2025-06-20T07:31:11","slug":"anais-belouassa-cherifi-lfi-monte-au-creneau","status":"publish","type":"post","link":"https:\/\/www.europesays.com\/fr\/190390\/","title":{"rendered":"Ana\u00efs Belouassa Cherifi (LFI) monte au cr\u00e9neau"},"content":{"rendered":"<p itemprop=\"description\"><strong>La d\u00e9put\u00e9e LFI de la 1re circonscription du Rh\u00f4ne, Ana\u00efs Belouassa Cherifi, a annonc\u00e9 ce mercredi soir qu\u2019elle d\u00e9fendrait la citoyennet\u00e9 d\u2019honneur de la Ville de Lyon pour Keletigui Sylla, dit K\u00e9l\u00e9, actuellement sous le coup d\u2019une <a href=\"https:\/\/www.lyonmag.com\/article\/143848\/nouvelle-oqtf-pour-kele-la-prefecture-du-rhone-maintient-sa-ligne-un-passage-en-force-pour-les-soutiens-de-l-ancien-mineur-isole\" target=\"_blank\" rel=\"noopener\">nouvelle obligation de quitter le territoire fran\u00e7ais <\/a>(OQTF).<\/strong><\/p>\n<p>Depuis 2021, la Ville de Lyon remet la citoyennet\u00e9 d\u2019honneur \u00e0 des personnes engag\u00e9es pour les droits humains, afin de saluer leur combat et de sensibiliser le public \u00e0 leur situation.<\/p>\n<p>\u00ab\u00a0Ce soir, avec les autres d\u00e9put\u00e9s de Lyon, nous allons pr\u00e9senter la candidature de K\u00e9l\u00e9tigui Sylla pour la citoyennet\u00e9 d&rsquo;honneur de la Ville de Lyon\u00a0\u00bb, \u00e9crit-elle dans une publication sur les r\u00e9seaux sociaux.<\/p>\n<p>Elle ajoute : \u00ab\u00a0malgr\u00e9 ses 11 ans en France, l&rsquo;avis favorable donn\u00e9 f\u00e9vrier 2025 par la Commission et l&rsquo;annulation de son OQTF en d\u00e9cembre 2024, la pr\u00e9fecture persiste \u00e0 lui imposer une nouvelle OQTF et une assignation \u00e0 r\u00e9sidence.\u00a0\u00bb<\/p>\n<p>L\u2019\u00e9lue invite \u00e9galement \u00e0 se mobiliser \u00e0 l\u2019audience pr\u00e9vue le\u00a024 juin \u00e0 14h\u00a0au\u00a0tribunal administratif de Lyon\u00a0(184 rue Duguesclin, Lyon 3e) : \u00ab\u00a0pour dire STOP \u00e0 l&rsquo;acharnement de la Pr\u00e9fecture et soutenir K\u00e9l\u00e9\u00a0\u00bb, \u00e9crit-elle encore.<\/p>\n<blockquote class=\"twitter-tweet\"><p>&#13;<\/p>\n<p dir=\"ltr\" lang=\"fr\">\ud83c\udf96\ufe0fCe soir, je d\u00e9fendrais la citoyennet\u00e9 d&rsquo;honneur de la Ville de <a href=\"https:\/\/twitter.com\/hashtag\/Lyon?src=hash&amp;ref_src=twsrc%5Etfw\" target=\"_blank\" rel=\"noopener\">#Lyon<\/a> pour K\u00e9l\u00e9.<\/p>\n<p>\u27a1\ufe0f 11 ans en France<br \/>\u27a1\ufe0f OQTF annul\u00e9e en d\u00e9c. 2024<br \/>\u274c Et pourtant, nouvelle OQTF + assignation \u00e0 r\u00e9sidence.<\/p>\n<p>\ud83d\udce2 RDV le 24 juin pour dire STOP \u00e0 l&rsquo;archarnement de la Pr\u00e9fecture et <a href=\"https:\/\/twitter.com\/hashtag\/SoutenirK%C3%A9l%C3%A9?src=hash&amp;ref_src=twsrc%5Etfw\" target=\"_blank\" rel=\"noopener\">#SoutenirK\u00e9l\u00e9<\/a> ! \ud83d\udc47 <a href=\"https:\/\/t.co\/rqIFg7LaYR\">pic.twitter.com\/rqIFg7LaYR<\/a><\/p>\n<p>&#13;<br \/>\n\u2014 Ana\u00efs Belouassa Cherifi (@BelouassaAnais) <a href=\"https:\/\/twitter.com\/BelouassaAnais\/status\/1935637101623603633?ref_src=twsrc%5Etfw\" target=\"_blank\" rel=\"noopener\">June 19, 2025<\/a><\/p><\/blockquote>\n<p>\t\t  <script async src=\"https:\/\/platform.twitter.com\/widgets.js\" charset=\"utf-8\"><\/script><\/p>\n","protected":false},"excerpt":{"rendered":"La d\u00e9put\u00e9e LFI de la 1re circonscription du Rh\u00f4ne, Ana\u00efs Belouassa Cherifi, a annonc\u00e9 ce mercredi soir qu\u2019elle&hellip;\n","protected":false},"author":2,"featured_media":190391,"comment_status":"","ping_status":"","sticky":false,"template":"","format":"standard","meta":{"footnotes":""},"categories":[1889],"tags":[1111,11,2813,2190,2430,1109,251,1112,2811,1777,674,118,1011,27,1922,1110,1114,2428,2810,12,241,316,25,2812,517,800],"class_list":{"0":"post-190390","1":"post","2":"type-post","3":"status-publish","4":"format-standard","5":"has-post-thumbnail","7":"category-lyon","8":"tag-actu","9":"tag-actualites","10":"tag-article","11":"tag-asvel","12":"tag-auvergne-rhone-alpes","13":"tag-breves","14":"tag-culture","15":"tag-depeches","16":"tag-economique","17":"tag-eu","18":"tag-europe","19":"tag-faits-divers","20":"tag-fr","21":"tag-france","22":"tag-info","23":"tag-informations","24":"tag-infos","25":"tag-lyon","26":"tag-lyonmag","27":"tag-news","28":"tag-ol","29":"tag-politique","30":"tag-republique-francaise","31":"tag-sociale","32":"tag-sport","33":"tag-transports"},"share_on_mastodon":{"url":"https:\/\/pubeurope.com\/@fr\/114714528251475697","error":""},"_links":{"self":[{"href":"https:\/\/www.europesays.com\/fr\/wp-json\/wp\/v2\/posts\/190390","targetHints":{"allow":["GET"]}}],"collection":[{"href":"https:\/\/www.europesays.com\/fr\/wp-json\/wp\/v2\/posts"}],"about":[{"href":"https:\/\/www.europesays.com\/fr\/wp-json\/wp\/v2\/types\/post"}],"author":[{"embeddable":true,"href":"https:\/\/www.europesays.com\/fr\/wp-json\/wp\/v2\/users\/2"}],"replies":[{"embeddable":true,"href":"https:\/\/www.europesays.com\/fr\/wp-json\/wp\/v2\/comments?post=190390"}],"version-history":[{"count":0,"href":"https:\/\/www.europesays.com\/fr\/wp-json\/wp\/v2\/posts\/190390\/revisions"}],"wp:featuredmedia":[{"embeddable":true,"href":"https:\/\/www.europesays.com\/fr\/wp-json\/wp\/v2\/media\/190391"}],"wp:attachment":[{"href":"https:\/\/www.europesays.com\/fr\/wp-json\/wp\/v2\/media?parent=190390"}],"wp:term":[{"taxonomy":"category","embeddable":true,"href":"https:\/\/www.europesays.com\/fr\/wp-json\/wp\/v2\/categories?post=190390"},{"taxonomy":"post_tag","embeddable":true,"href":"https:\/\/www.europesays.com\/fr\/wp-json\/wp\/v2\/tags?post=190390"}],"curies":[{"name":"wp","href":"https:\/\/api.w.org\/{rel}","templated":true}]}}