{"id":190394,"date":"2025-06-20T07:33:09","date_gmt":"2025-06-20T07:33:09","guid":{"rendered":"https:\/\/www.europesays.com\/fr\/190394\/"},"modified":"2025-06-20T07:33:09","modified_gmt":"2025-06-20T07:33:09","slug":"accident-salon-du-bourget-la-circulation-encore-tres-compliquee-sur-les-routes-de-paris-et-dile-de-france","status":"publish","type":"post","link":"https:\/\/www.europesays.com\/fr\/190394\/","title":{"rendered":"Accident, Salon du Bourget&#8230; La circulation encore tr\u00e8s compliqu\u00e9e sur les routes de Paris et d&rsquo;\u00cele-de-France"},"content":{"rendered":"<p>            Par<br \/>\n        <strong><br \/>\n            <a href=\"https:\/\/actu.fr\/auteur\/redaction-paris\" title=\"Consulter tous les articles de R\u00e9daction Paris\" target=\"_blank\" rel=\"noopener\">R\u00e9daction Paris<\/a><br \/>\n        <\/strong><\/p>\n<p>        Publi\u00e9 le<\/p>\n<p>            20 juin 2025 \u00e0 8h35        <\/p>\n<p>Encore une journ\u00e9e de perturbations en raison du <a href=\"https:\/\/actu.fr\/ile-de-france\/le-bourget_93013\/boycott-manifestation-contre-israel-le-salon-international-du-bourget-s-ouvre-avec-des-turbulences-en-vue_62771933.html\" target=\"_blank\" rel=\"noopener\">Salon du Bourget<\/a>.\u00a0Ce vendredi 20\u00a0juin 2025, la <strong>circulation est difficile<\/strong> sur les routes de Paris et d\u2019\u00cele-de-France, notamment sur les <a href=\"https:\/\/actu.fr\/tag\/autoroute-1-a1\" target=\"_blank\" rel=\"noopener\">autoroutes A1<\/a> et <a href=\"https:\/\/actu.fr\/tag\/autoroute-86-a86\" target=\"_blank\" rel=\"noopener\">A86<\/a>, qui passent \u00e0 proximit\u00e9 du salon a\u00e9ronautique.<\/p>\n<p class=\" wall-content\">Sytadin.fr et son barom\u00e8tre de la circulation donnent un aper\u00e7u de ce qui se passe sur les routes. \u00c0 8h20, les bouchons cumulent \u00e0 <strong>253 kilom\u00e8tres<\/strong>. C\u2019est moins qu\u2019hier, mais les vendredis (sauf d\u00e9part en vacances ou ponts) sont des journ\u00e9es o\u00f9 les embouteillages sont moins importants. Lors d\u2019une journ\u00e9e fluide, ils ne d\u00e9passent pas 150 kilom\u00e8tres.<\/p>\n<p class=\" wall-content\">En plus des perturbations li\u00e9es au Bourget, un <a href=\"https:\/\/actu.fr\/tag\/accident\" target=\"_blank\" rel=\"noopener\">accident<\/a> sur <a href=\"https:\/\/actu.fr\/tag\/autoroute-6-a6\" target=\"_blank\" rel=\"noopener\">l\u2019autoroute 6 (A6)<\/a>, \u00e0 hauteur de la commune de Chilly-Mazarin impliquant un <strong>poids lourd<\/strong> qui s\u2019est renvers\u00e9 sur la chauss\u00e9e.\u00a0L\u2019A6 est donc coup\u00e9e sur l\u2019A6 afin de laisser le d\u00e9panneur intervenir et relever le camion. Une d\u00e9viation est mise en place par la sortie de Chilly-Mazarin.<\/p>\n<p class=\" wall-content\">Suivez toute l\u2019actualit\u00e9 de vos villes et m\u00e9dias favoris en vous inscrivant \u00e0 <a href=\"https:\/\/moncompte.actu.fr\" title=\"D\u00e9couvez Mon Actu\" rel=\"nofollow noopener\" data-trk=\"{&quot;cta&quot;:{&quot;action&quot;:&quot;https:\\\/\\\/moncompte.actu.fr&quot;,&quot;category&quot;:&quot;mon compte&quot;,&quot;from&quot;:&quot;article footer&quot;,&quot;name&quot;:&quot;Mon actu&quot;,&quot;type&quot;:&quot;cta&quot;}}\" target=\"_blank\">Mon Actu<\/a>.<\/p>\n","protected":false},"excerpt":{"rendered":"Par R\u00e9daction Paris Publi\u00e9 le 20 juin 2025 \u00e0 8h35 Encore une journ\u00e9e de perturbations en raison du&hellip;\n","protected":false},"author":2,"featured_media":190395,"comment_status":"","ping_status":"","sticky":false,"template":"","format":"standard","meta":{"footnotes":""},"categories":[1592],"tags":[119,1111,11,9904,15565,1777,674,1011,27,662,12,626,25,104],"class_list":{"0":"post-190394","1":"post","2":"type-post","3":"status-publish","4":"format-standard","5":"has-post-thumbnail","7":"category-ile-de-france","8":"tag-accident","9":"tag-actu","10":"tag-actualites","11":"tag-autoroute-1-a1","12":"tag-autoroute-86-a86","13":"tag-eu","14":"tag-europe","15":"tag-fr","16":"tag-france","17":"tag-ile-de-france","18":"tag-news","19":"tag-paris","20":"tag-republique-francaise","21":"tag-societe"},"share_on_mastodon":{"url":"https:\/\/pubeurope.com\/@fr\/114714535770370887","error":""},"_links":{"self":[{"href":"https:\/\/www.europesays.com\/fr\/wp-json\/wp\/v2\/posts\/190394","targetHints":{"allow":["GET"]}}],"collection":[{"href":"https:\/\/www.europesays.com\/fr\/wp-json\/wp\/v2\/posts"}],"about":[{"href":"https:\/\/www.europesays.com\/fr\/wp-json\/wp\/v2\/types\/post"}],"author":[{"embeddable":true,"href":"https:\/\/www.europesays.com\/fr\/wp-json\/wp\/v2\/users\/2"}],"replies":[{"embeddable":true,"href":"https:\/\/www.europesays.com\/fr\/wp-json\/wp\/v2\/comments?post=190394"}],"version-history":[{"count":0,"href":"https:\/\/www.europesays.com\/fr\/wp-json\/wp\/v2\/posts\/190394\/revisions"}],"wp:featuredmedia":[{"embeddable":true,"href":"https:\/\/www.europesays.com\/fr\/wp-json\/wp\/v2\/media\/190395"}],"wp:attachment":[{"href":"https:\/\/www.europesays.com\/fr\/wp-json\/wp\/v2\/media?parent=190394"}],"wp:term":[{"taxonomy":"category","embeddable":true,"href":"https:\/\/www.europesays.com\/fr\/wp-json\/wp\/v2\/categories?post=190394"},{"taxonomy":"post_tag","embeddable":true,"href":"https:\/\/www.europesays.com\/fr\/wp-json\/wp\/v2\/tags?post=190394"}],"curies":[{"name":"wp","href":"https:\/\/api.w.org\/{rel}","templated":true}]}}