{"id":190402,"date":"2025-06-20T07:37:10","date_gmt":"2025-06-20T07:37:10","guid":{"rendered":"https:\/\/www.europesays.com\/fr\/190402\/"},"modified":"2025-06-20T07:37:10","modified_gmt":"2025-06-20T07:37:10","slug":"les-bibliothecaires-de-la-capitale-en-greve-contre-le-plan-de-reforme-lire-a-paris","status":"publish","type":"post","link":"https:\/\/www.europesays.com\/fr\/190402\/","title":{"rendered":"Les biblioth\u00e9caires de la capitale en gr\u00e8ve contre le plan de r\u00e9forme \u00ab\u00a0Lire \u00e0 Paris\u00a0\u00bb"},"content":{"rendered":"<p class=\"paragraph text_align_left lp-f-body-02\">\u00c0 Paris, la grogne monte derri\u00e8re les rayonnages. Les biblioth\u00e9caires parisiens sont en gr\u00e8ve ce vendredi 20 juin, et pr\u00e9voient une autre journ\u00e9e d\u2019action le 1er juillet, pour d\u00e9noncer le projet de plan \u00ab Lire \u00e0 Paris 2025-2029 \u00bb de la mairie.<\/p>\n<p class=\"paragraph text_align_left lp-f-body-02\">Cette mobilisation fait suite \u00e0 des inqui\u00e9tudes concernant la teneur de ce plan, publi\u00e9 le 11 juin, qui d\u00e9finit \u00ab les orientations pour les biblioth\u00e8ques parisiennes jusqu\u2019\u00e0 2029 \u00bb et pr\u00e9voit une s\u00e9rie de mesures visant \u00e0 repenser le fonctionnement de toutes les <a href=\"https:\/\/www.leparisien.fr\/etudiant\/vie-etudiante\/bibliotheques-a-paris-G4MJHIASTFIOXJDGO5FD66SCLU.php\" target=\"_blank\" rel=\"noreferrer nofollow noopener\">biblioth\u00e8ques de la ville<\/a>. Le plan met en avant la n\u00e9cessit\u00e9 d\u2019harmoniser le r\u00e9seau de la capitale, qui se compose de 57 biblioth\u00e8ques de pr\u00eat et de 15 biblioth\u00e8ques patrimoniales et sp\u00e9cialis\u00e9es.<\/p>\n<p>Un refus de mutualisation des effectifs<\/p>\n<p class=\"paragraph text_align_left lp-f-body-02\">Les syndicats, eux, y voient des logiques d\u2019<a href=\"https:\/\/www.leparisien.fr\/paris-75\/paris-a-la-bnf-les-petites-mains-du-mastodonte-des-bibliotheques-inquietes-de-leur-sort-07-06-2025-KSZBNCALC5GNRDOC7FKTURHL5A.php\" target=\"_blank\" rel=\"noreferrer nofollow noopener\">optimisation budg\u00e9taires<\/a> alors qu\u2019ils alertent d\u00e9j\u00e0 depuis des mois sur une pr\u00e9carisation croissante de leurs emplois et missions. \u00ab Derri\u00e8re le principe de \u00ab bon sens \u00bb d\u2019harmonisation, ce plan rel\u00e8ve d\u2019une volont\u00e9 de standardisation, de <a href=\"https:\/\/www.leparisien.fr\/paris-75\/livres-cd-dvd-a-paris-les-bibliotheques-priees-detaler-leurs-depenses-03-10-2024-5EGRR4RIXBHSNCUTOFQBAULO2U.php\" target=\"_blank\" rel=\"noreferrer nofollow noopener\">r\u00e9duction des co\u00fbts<\/a>, et de remise en cause la part d\u2019autonomie des \u00e9quipes \u00bb, estiment-ils dans un communiqu\u00e9. Ils craignent que cette harmonisation ne se traduise en r\u00e9alit\u00e9 par une uniformisation des services et une d\u00e9gradation de la qualit\u00e9 de l\u2019accueil.<\/p>\n<p class=\"paragraph text_align_left lp-f-body-02\">Les biblioth\u00e9caires de la Ville de Paris d\u00e9noncent notamment \u00ab l\u2019extension des heures d\u2019ouverture et du travail du dimanche \u00bb ou encore la \u00ab r\u00e9orientation des moyens vers la jeunesse au d\u00e9triment des budgets adultes \u00bb et \u00ab la fin probable des collections en musique et cin\u00e9ma \u00bb.<\/p>\n<p class=\"paragraph text_align_left lp-f-body-02\">Selon le communiqu\u00e9, ce plan \u00ab ignore les propositions des professionnels exprim\u00e9es dans les r\u00e9unions de travail qui ont pu exister \u00bb. Parmi les revendications des gr\u00e9vistes, on retrouve le refus de \u00ab la standardisation des horaires d\u2019ouverture du r\u00e9seau et toute augmentation de l\u2019amplitude horaire \u00e0 effectifs constants \u00bb et demande \u00ab que chaque \u00e9tablissement puisse continuer \u00e0 adapter ses heures d\u2019ouverture aux r\u00e9alit\u00e9s de son territoire, de ses publics, de son \u00e9quipe et de son \u00e9quipement \u00bb.<\/p>\n<p class=\"paragraph text_align_left lp-f-body-02\">Alors que le plan sugg\u00e8re \u00ab d\u2019adosser les plus petites [biblioth\u00e8ques] \u00e0 une grande biblioth\u00e8que \u00e0 proximit\u00e9 \u00bb dans une logique de mutualisation des effectifs, les syndicats s\u2019opposent \u00e0 leur \u00ab la fusion administrative \u00bb. \u00ab Nous refusons le red\u00e9ploiement de coll\u00e8gues entre \u00e9tablissements, la flexibilisation des biblioth\u00e9caires du dimanche. Ce serait banaliser l\u2019id\u00e9e d\u2019un accueil en \u00ab mode d\u00e9grad\u00e9 \u00bb le dimanche \u00bb.<\/p>\n<p>\u00ab Un vrai plan de r\u00e9novation \u00bb<\/p>\n<p class=\"paragraph text_align_left lp-f-body-02\">Pour \u00ab garantir la continuit\u00e9 du service public \u00bb, ils demandent \u00e0 l\u2019inverse que les \u00e9quipes des m\u00e9diath\u00e8ques du dimanche soient renforc\u00e9es par la cr\u00e9ation de postes de titulaires et souhaitent qu\u2019au-del\u00e0 de 7 dimanches travaill\u00e9s par an, un \u00ab droit opposable \u00bb soit garanti et qu\u2019une prime du dimanche \u00e0 200 euros nets soit attribu\u00e9e.<\/p>\n<p class=\"paragraph text_align_left lp-f-body-02\">De meilleures conditions de travail passent \u00e9galement selon eux par \u00ab un vrai plan de r\u00e9novation des b\u00e2timents \u00bb. Alors que la ville de Paris songe surtout \u00e0 la transition \u00e9cologique et mise sur des dispositifs limitant l\u2019impact des fortes chaleurs (circulation de l\u2019air, contre le rayonnement direct du soleil, ouverture des fen\u00eatres la nuit), les syndicats consid\u00e8rent cette r\u00e9ponse largement insuffisante.<\/p>\n<p class=\"paragraph text_align_left lp-f-body-02\">\u00ab D\u2019autant que la recherche des plus bas co\u00fbts dans les march\u00e9s de construction ou de maintenance entra\u00eene des probl\u00e8mes b\u00e2timentaires r\u00e9guliers (ventilation en particulier) \u00bb, insistent-ils. Le Conseil de Paris devrait commencer \u00e0 \u00e9valuer le Plap2 le 1er juillet.<\/p>\n","protected":false},"excerpt":{"rendered":"\u00c0 Paris, la grogne monte derri\u00e8re les rayonnages. Les biblioth\u00e9caires parisiens sont en gr\u00e8ve ce vendredi 20 juin,&hellip;\n","protected":false},"author":2,"featured_media":190403,"comment_status":"","ping_status":"","sticky":false,"template":"","format":"standard","meta":{"footnotes":""},"categories":[1888],"tags":[11,1777,674,1011,27,1944,12,626,25],"class_list":{"0":"post-190402","1":"post","2":"type-post","3":"status-publish","4":"format-standard","5":"has-post-thumbnail","7":"category-paris","8":"tag-actualites","9":"tag-eu","10":"tag-europe","11":"tag-fr","12":"tag-france","13":"tag-ma-ville","14":"tag-news","15":"tag-paris","16":"tag-republique-francaise"},"share_on_mastodon":{"url":"https:\/\/pubeurope.com\/@fr\/114714551506961506","error":""},"_links":{"self":[{"href":"https:\/\/www.europesays.com\/fr\/wp-json\/wp\/v2\/posts\/190402","targetHints":{"allow":["GET"]}}],"collection":[{"href":"https:\/\/www.europesays.com\/fr\/wp-json\/wp\/v2\/posts"}],"about":[{"href":"https:\/\/www.europesays.com\/fr\/wp-json\/wp\/v2\/types\/post"}],"author":[{"embeddable":true,"href":"https:\/\/www.europesays.com\/fr\/wp-json\/wp\/v2\/users\/2"}],"replies":[{"embeddable":true,"href":"https:\/\/www.europesays.com\/fr\/wp-json\/wp\/v2\/comments?post=190402"}],"version-history":[{"count":0,"href":"https:\/\/www.europesays.com\/fr\/wp-json\/wp\/v2\/posts\/190402\/revisions"}],"wp:featuredmedia":[{"embeddable":true,"href":"https:\/\/www.europesays.com\/fr\/wp-json\/wp\/v2\/media\/190403"}],"wp:attachment":[{"href":"https:\/\/www.europesays.com\/fr\/wp-json\/wp\/v2\/media?parent=190402"}],"wp:term":[{"taxonomy":"category","embeddable":true,"href":"https:\/\/www.europesays.com\/fr\/wp-json\/wp\/v2\/categories?post=190402"},{"taxonomy":"post_tag","embeddable":true,"href":"https:\/\/www.europesays.com\/fr\/wp-json\/wp\/v2\/tags?post=190402"}],"curies":[{"name":"wp","href":"https:\/\/api.w.org\/{rel}","templated":true}]}}