{"id":190408,"date":"2025-06-20T07:40:10","date_gmt":"2025-06-20T07:40:10","guid":{"rendered":"https:\/\/www.europesays.com\/fr\/190408\/"},"modified":"2025-06-20T07:40:10","modified_gmt":"2025-06-20T07:40:10","slug":"zelensky-nomme-un-nouveau-chef-des-forces-terrestres-apres-une-frappe-meurtriere-sur-des-soldats","status":"publish","type":"post","link":"https:\/\/www.europesays.com\/fr\/190408\/","title":{"rendered":"Zelensky nomme un nouveau chef des forces terrestres apr\u00e8s une frappe meurtri\u00e8re sur des soldats\u2026"},"content":{"rendered":"<p>Un nouveau chef pour les troupes terrestres ukrainiennes<\/p>\n<p>Volodymyr Zelensky a nomm\u00e9 jeudi le g\u00e9n\u00e9ral Hennadii Shapovalov commandant en chef des forces terrestres, en remplacement du g\u00e9n\u00e9ral qui a d\u00e9missionn\u00e9 apr\u00e8s une frappe russe meurtri\u00e8re sur un terrain d\u2019entra\u00eenement.<\/p>\n<p>Le g\u00e9n\u00e9ral Shapovalov, 47 ans, a \u00e9t\u00e9 attach\u00e9 militaire en Allemagne puis a command\u00e9 le district militaire sud de l\u2019Ukraine. Dans son adresse quotidienne sur Internet, le pr\u00e9sident ukrainien a d\u00e9clar\u00e9 qu\u2019il esp\u00e9rait que le g\u00e9n\u00e9ral Shapovalov apporterait une \u00ab\u00a0v\u00e9ritable exp\u00e9rience du combat\u00a0\u00bb \u00e0 ce poste et a appel\u00e9 \u00e0 des changements dans l\u2019arm\u00e9e ukrainienne, qui lutte pour repousser les forces de Moscou depuis plus de trois ans. \u00ab\u00a0Des changements sont n\u00e9cessaires, c\u2019est incontournable\u00a0\u00bb, a d\u00e9clar\u00e9 le chef de l\u2019Etat.<\/p>\n<p>Le 1er\u00a0juin le g\u00e9n\u00e9ral Mykha\u00eflo Drapaty, chef des forces terrestres, a pr\u00e9sent\u00e9 sa d\u00e9mission apr\u00e8s la mort de douze soldats lors d\u2019un bombardement russe sur un terrain d\u2019entra\u00eenement dans la r\u00e9gion centrale de Dnipropetrovsk.<\/p>\n<p>Bonjour, et bienvenue dans ce live<\/p>\n<p>Voil\u00e0 plus de trois ans que la Russie a lanc\u00e9 son offensive sur l\u2019Ukraine et pas l\u2019ombre d\u2019un cessez-le-feu en vue, malgr\u00e9 le rapprochement entre Donald Trump et Vladimir Poutine. Batailles, n\u00e9gociations, envol\u00e9es diplomatiques\u2026 La r\u00e9daction de 20 Minute se mobilise pour vous faire vivre en direct un conflit pass\u00e9 au second plan depuis l\u2019attaque d\u2019Isra\u00ebl sur l\u2019Iran, au grand dam du pr\u00e9sident ukrainien Volodymyr Zelensky.<\/p>\n","protected":false},"excerpt":{"rendered":"Un nouveau chef pour les troupes terrestres ukrainiennes Volodymyr Zelensky a nomm\u00e9 jeudi le g\u00e9n\u00e9ral Hennadii Shapovalov commandant&hellip;\n","protected":false},"author":2,"featured_media":190409,"comment_status":"","ping_status":"","sticky":false,"template":"","format":"standard","meta":{"footnotes":""},"categories":[1590],"tags":[47,11,75,73,1777,674,131,74,12,132,220,135,134],"class_list":{"0":"post-190408","1":"post","2":"type-post","3":"status-publish","4":"format-standard","5":"has-post-thumbnail","7":"category-ukraine","8":"tag-actualite","9":"tag-actualites","10":"tag-donald-trump","11":"tag-etats-unis","12":"tag-eu","13":"tag-europe","14":"tag-guerre-en-ukraine","15":"tag-monde","16":"tag-news","17":"tag-russie","18":"tag-ukraine","19":"tag-vladimir-poutine","20":"tag-volodymyr-zelensky"},"share_on_mastodon":{"url":"https:\/\/pubeurope.com\/@fr\/114714563321607209","error":""},"_links":{"self":[{"href":"https:\/\/www.europesays.com\/fr\/wp-json\/wp\/v2\/posts\/190408","targetHints":{"allow":["GET"]}}],"collection":[{"href":"https:\/\/www.europesays.com\/fr\/wp-json\/wp\/v2\/posts"}],"about":[{"href":"https:\/\/www.europesays.com\/fr\/wp-json\/wp\/v2\/types\/post"}],"author":[{"embeddable":true,"href":"https:\/\/www.europesays.com\/fr\/wp-json\/wp\/v2\/users\/2"}],"replies":[{"embeddable":true,"href":"https:\/\/www.europesays.com\/fr\/wp-json\/wp\/v2\/comments?post=190408"}],"version-history":[{"count":0,"href":"https:\/\/www.europesays.com\/fr\/wp-json\/wp\/v2\/posts\/190408\/revisions"}],"wp:featuredmedia":[{"embeddable":true,"href":"https:\/\/www.europesays.com\/fr\/wp-json\/wp\/v2\/media\/190409"}],"wp:attachment":[{"href":"https:\/\/www.europesays.com\/fr\/wp-json\/wp\/v2\/media?parent=190408"}],"wp:term":[{"taxonomy":"category","embeddable":true,"href":"https:\/\/www.europesays.com\/fr\/wp-json\/wp\/v2\/categories?post=190408"},{"taxonomy":"post_tag","embeddable":true,"href":"https:\/\/www.europesays.com\/fr\/wp-json\/wp\/v2\/tags?post=190408"}],"curies":[{"name":"wp","href":"https:\/\/api.w.org\/{rel}","templated":true}]}}