{"id":190414,"date":"2025-06-20T07:43:20","date_gmt":"2025-06-20T07:43:20","guid":{"rendered":"https:\/\/www.europesays.com\/fr\/190414\/"},"modified":"2025-06-20T07:43:20","modified_gmt":"2025-06-20T07:43:20","slug":"allemagne-les-prix-a-la-production-reculent-de-12-en-mai-sur-un-an-economie","status":"publish","type":"post","link":"https:\/\/www.europesays.com\/fr\/190414\/","title":{"rendered":"Allemagne: Les prix \u00e0 la production reculent de 1,2% en mai sur un an &#8211; ECONOMIE"},"content":{"rendered":"<p class=\"post_meta\">20 juin 2025Reuters<\/p>\n<p>(Reuters) \u2013     Les prix \u00e0 la production en Allemagne, un indicateur cl\u00e9 de l\u2019inflation, ont diminu\u00e9 de 1,2% sur un an en mai, comme pr\u00e9vu par les analystes, a d\u00e9clar\u00e9 vendredi l\u2019Office f\u00e9d\u00e9ral de la statistique.<\/p>\n<p>Cette baisse intervient apr\u00e8s un recul de 0,9% en avril.<\/p>\n<p class=\"ai-optimize-6\"><a href=\"https:\/\/www.christenscene.fr\" rel=\"nofollow noopener\" target=\"_blank\"><img loading=\"lazy\" decoding=\"async\" class=\"alignnone size-full wp-image-349661\" src=\"https:\/\/www.europesays.com\/fr\/wp-content\/uploads\/2025\/06\/Christ-en-scene.png\" alt=\"\" width=\"2048\" height=\"1072\"\/><\/a><\/p>\n<p>Sur un mois, les prix \u00e0 la production ont diminu\u00e9 de 0,2% en mai, alors que les analystes s\u2019attendaient \u00e0 une baisse de 0,3%, apr\u00e8s un repli de 0,6% un mois plus t\u00f4t. <\/p>\n<\/p>\n<p> (R\u00e9dig\u00e9 par Diana Mandi\u00e1, \u00e9dit\u00e9 par Claude Chendjou)<\/p>\n<p><a href=\"https:\/\/chretiens.com\/quoi-de-neuf\/allemagne-les-prix-a-4\/2025\/06\/20\/08\/21\/attachment\/vue-generale-des-lignes-de-production-du-constructeur-automobile-allemand\/\" rel=\"nofollow noopener\" target=\"_blank\"><img decoding=\"async\" src=\"https:\/\/www.europesays.com\/fr\/wp-content\/uploads\/2025\/06\/tagreuters.com2025binary_LYNXMPEL5J06S-FILEDIMAGE-scaled.jpg\" alt=\"tagreuters.com2025binary_LYNXMPEL5J06S-FILEDIMAGE\"\/><\/a><\/p>\n","protected":false},"excerpt":{"rendered":"20 juin 2025Reuters (Reuters) \u2013 Les prix \u00e0 la production en Allemagne, un indicateur cl\u00e9 de l\u2019inflation, ont&hellip;\n","protected":false},"author":2,"featured_media":34732,"comment_status":"","ping_status":"","sticky":false,"template":"","format":"standard","meta":{"footnotes":""},"categories":[1587],"tags":[11,672,1804,1805,1803,1777,674,1801,12,1802],"class_list":{"0":"post-190414","1":"post","2":"type-post","3":"status-publish","4":"format-standard","5":"has-post-thumbnail","7":"category-allemagne","8":"tag-actualites","9":"tag-allemagne","10":"tag-bundesrepublik-deutschland","11":"tag-de","12":"tag-deutschland","13":"tag-eu","14":"tag-europe","15":"tag-germany","16":"tag-news","17":"tag-republique-federale-dallemagne"},"share_on_mastodon":{"url":"https:\/\/pubeurope.com\/@fr\/114714575698141523","error":""},"_links":{"self":[{"href":"https:\/\/www.europesays.com\/fr\/wp-json\/wp\/v2\/posts\/190414","targetHints":{"allow":["GET"]}}],"collection":[{"href":"https:\/\/www.europesays.com\/fr\/wp-json\/wp\/v2\/posts"}],"about":[{"href":"https:\/\/www.europesays.com\/fr\/wp-json\/wp\/v2\/types\/post"}],"author":[{"embeddable":true,"href":"https:\/\/www.europesays.com\/fr\/wp-json\/wp\/v2\/users\/2"}],"replies":[{"embeddable":true,"href":"https:\/\/www.europesays.com\/fr\/wp-json\/wp\/v2\/comments?post=190414"}],"version-history":[{"count":0,"href":"https:\/\/www.europesays.com\/fr\/wp-json\/wp\/v2\/posts\/190414\/revisions"}],"wp:featuredmedia":[{"embeddable":true,"href":"https:\/\/www.europesays.com\/fr\/wp-json\/wp\/v2\/media\/34732"}],"wp:attachment":[{"href":"https:\/\/www.europesays.com\/fr\/wp-json\/wp\/v2\/media?parent=190414"}],"wp:term":[{"taxonomy":"category","embeddable":true,"href":"https:\/\/www.europesays.com\/fr\/wp-json\/wp\/v2\/categories?post=190414"},{"taxonomy":"post_tag","embeddable":true,"href":"https:\/\/www.europesays.com\/fr\/wp-json\/wp\/v2\/tags?post=190414"}],"curies":[{"name":"wp","href":"https:\/\/api.w.org\/{rel}","templated":true}]}}