{"id":190421,"date":"2025-06-20T07:47:10","date_gmt":"2025-06-20T07:47:10","guid":{"rendered":"https:\/\/www.europesays.com\/fr\/190421\/"},"modified":"2025-06-20T07:47:10","modified_gmt":"2025-06-20T07:47:10","slug":"a-marseille-en-immersion-dans-la-cite-de-la-drogue","status":"publish","type":"post","link":"https:\/\/www.europesays.com\/fr\/190421\/","title":{"rendered":"\u00e0 Marseille, en immersion dans la cit\u00e9 de la drogue"},"content":{"rendered":"<p data-module=\"fig-standfirst\" data-context=\"@media (min-width:48em)\"><strong>REPORTAGE <\/strong>&#8211; Depuis des mois, les narcotrafiquants se livrent \u00e0 une guerre de territoire qui a fait de nombreux morts et bless\u00e9s. Le niveau de gangr\u00e8ne est tel qu\u2019il faut redoubler d\u2019efforts pour les forces de l\u2019ordre.<\/p>\n<p class=\"fig-paragraph fig-paragraph--dropped\">\u00ab Petit fr\u00e8re veut grandir trop vite\u2026 , \u00e0 13\u00a0ans, il aime d\u00e9j\u00e0 l\u2019argent. Avide, mais ses poches sont arides, alors on fait le ca\u00efd\u2026\u00a0\u00bb Ces mots saccad\u00e9s sur une boucle d\u2019un sample musical sont ceux de\u00a0<a href=\"http:\/\/www.lefigaro.fr\/musique\/iam-a-la-conquete-du-velodrome-en-2025-dans-un-esprit-de-fete-et-de-communion-20240422\" data-fig-type=\"NewsFlash\" data-gtm-custom-categorie=\"navigation\" data-gtm-custom-action=\"crossclick\" data-gtm-custom-label=\"Contextuel\" data-gtm-event=\"customEventSPE\" data-fig-domain=\"LEFIGARO\" target=\"_blank\" rel=\"noopener\">IAM<\/a>. Le groupe de rap embl\u00e9matique de la cit\u00e9 phoc\u00e9enne racontait, il y a trente ans d\u00e9j\u00e0, \u00e0 la mani\u00e8re de po\u00e8tes de l\u2019urbain, la brutalit\u00e9, les \u00e9cueils des business illicites dans les quartiers populaires. Les ann\u00e9es ont pass\u00e9 depuis la sortie de ce titre. Les petits fr\u00e8res sont devenus des \u00ab\u00a0baby killers\u00a0\u00bb lobotomis\u00e9s par l\u2019app\u00e2t du gain, de la drogue, magnifi\u00e9 \u00e0 travers les r\u00e9seaux sociaux.<\/p>\n<p>    Le quartier de Maison-Blanche, r\u00e9sidence d\u00e9grad\u00e9e, cumule les difficult\u00e9s. Ici, plusieurs jeunes ont \u00e9t\u00e9 tu\u00e9s.<br \/>\n                Olivier Coret pour Le Figaro Mag<\/p>\n<p class=\"fig-paragraph\">\u00ab\u00a0La mis\u00e8re n\u2019est pas plus douce sous le soleil de la M\u00e9diterran\u00e9e\u00a0\u00bb, veut ajouter, \u00e0 la fois philosophe et r\u00e9sign\u00e9, Oscar, un habitant de la cit\u00e9 de La Paternelle, \u00e0\u00a0<a href=\"http:\/\/www.lefigaro.fr\/marseille\/marseille-un-couple-d-octogenaires-victime-d-un-violent-home-jacking-7000-euros-de-prejudice-20250617\" data-fig-type=\"NewsFlash\" data-gtm-custom-categorie=\"navigation\" data-gtm-custom-action=\"crossclick\" data-gtm-custom-label=\"Contextuel\" data-gtm-event=\"customEventSPE\" data-fig-domain=\"LEFIGARO\" target=\"_blank\" rel=\"noopener\">Marseille<\/a>. Il est n\u00e9 et a grandi ici, tout comme ses parents et ses enfants. Il n\u2019a jamais envisag\u00e9 de quitter cet endroit. Ancien ouvrier manutentionnaire, son physique raconte des ann\u00e9es d\u2019un labeur \u00e9reintant. Il s\u2019amuse\u2026<\/p>\n<p class=\"fig-premium-paywall__infos\">\n        Cet article est r\u00e9serv\u00e9 aux abonn\u00e9s.        Il vous reste 94% \u00e0 d\u00e9couvrir.\n    <\/p>\n<p>                <img  data- alt=\"Le Figaro\" class=\"fig-img--complete fig-img\"\/><\/p>\n<p class=\"fig-premium-paywall__title\">Vente Flash<\/p>\n<p class=\"fig-premium-paywall__subtitle\">3,99\u20ac par mois pendant 12 mois. Sans engagement.<\/p>\n<p class=\"fig-premium-paywall__connect\">\n                D\u00e9j\u00e0 abonn\u00e9\u00a0?                <a class=\"fig-premium-paywall__connect-link\" href=\"https:\/\/connect.lefigaro.fr\/login?client=horizon_web&amp;type=main&amp;redirect_uri=https%3A%2F%2Fwww.lefigaro.fr%2Fmarseille%2Fj-ai-commence-a-16-ans-en-gagnant-500-euros-par-jour-a-marseille-en-immersion-dans-la-cite-de-la-drogue-20250620\" data-js-gtm=\"{&quot;customCategorie&quot;: &quot;conversion&quot;, &quot;customAction&quot;: &quot;before_Landing_Connexion_paywall_auto&quot;, &quot;customLabel&quot;: &quot;bGVmaWdhcm8uZnJfXzFmMDRjNTM3LWJhODgtNjMyNi04ZDVkLTBmMGY0MDk1MWE4N19fQXJ0aWNsZQ==_\u00abJ\u2019ai commenc\u00e9 \u00e0 16 ans en gagnant 500 euros par jour\u00bb\u00a0: \u00e0 Marseille, en immersion dans la cit\u00e9 de la drogue_394&quot;, &quot;customIDSPE&quot;: &quot;bGVmaWdhcm8uZnJfXzFmMDRjNTM3LWJhODgtNjMyNi04ZDVkLTBmMGY0MDk1MWE4N19fQXJ0aWNsZQ==&quot;, &quot;event&quot;: &quot;customEventSPE&quot;}\" target=\"_blank\" rel=\"noopener\"><br \/>\n                    Connectez-vous<br \/>\n                <\/a>\n            <\/p>\n","protected":false},"excerpt":{"rendered":"REPORTAGE &#8211; Depuis des mois, les narcotrafiquants se livrent \u00e0 une guerre de territoire qui a fait de&hellip;\n","protected":false},"author":2,"featured_media":190422,"comment_status":"","ping_status":"","sticky":false,"template":"","format":"standard","meta":{"footnotes":""},"categories":[2],"tags":[11,885,1182,1180,1181,1052,1011,27,1184,1185,884,12,1177,1176,149,1186,882,25,1178,1183,1179],"class_list":{"0":"post-190421","1":"post","2":"type-post","3":"status-publish","4":"format-standard","5":"has-post-thumbnail","7":"category-actualites","8":"tag-actualites","9":"tag-bouches-du-rhone","10":"tag-calanques","11":"tag-canebiere","12":"tag-cite-phoceenne","13":"tag-drogue","14":"tag-fr","15":"tag-france","16":"tag-la-timone","17":"tag-les-baumettes-mediterranee","18":"tag-marseille","19":"tag-news","20":"tag-notre-dame-de-la-garde","21":"tag-olympique-de-marseille","22":"tag-om","23":"tag-provence","24":"tag-provence-alpes-cote-dazur","25":"tag-republique-francaise","26":"tag-saint-charles","27":"tag-sormiou","28":"tag-vieux-port"},"share_on_mastodon":{"url":"https:\/\/pubeurope.com\/@fr\/114714590863009733","error":""},"_links":{"self":[{"href":"https:\/\/www.europesays.com\/fr\/wp-json\/wp\/v2\/posts\/190421","targetHints":{"allow":["GET"]}}],"collection":[{"href":"https:\/\/www.europesays.com\/fr\/wp-json\/wp\/v2\/posts"}],"about":[{"href":"https:\/\/www.europesays.com\/fr\/wp-json\/wp\/v2\/types\/post"}],"author":[{"embeddable":true,"href":"https:\/\/www.europesays.com\/fr\/wp-json\/wp\/v2\/users\/2"}],"replies":[{"embeddable":true,"href":"https:\/\/www.europesays.com\/fr\/wp-json\/wp\/v2\/comments?post=190421"}],"version-history":[{"count":0,"href":"https:\/\/www.europesays.com\/fr\/wp-json\/wp\/v2\/posts\/190421\/revisions"}],"wp:featuredmedia":[{"embeddable":true,"href":"https:\/\/www.europesays.com\/fr\/wp-json\/wp\/v2\/media\/190422"}],"wp:attachment":[{"href":"https:\/\/www.europesays.com\/fr\/wp-json\/wp\/v2\/media?parent=190421"}],"wp:term":[{"taxonomy":"category","embeddable":true,"href":"https:\/\/www.europesays.com\/fr\/wp-json\/wp\/v2\/categories?post=190421"},{"taxonomy":"post_tag","embeddable":true,"href":"https:\/\/www.europesays.com\/fr\/wp-json\/wp\/v2\/tags?post=190421"}],"curies":[{"name":"wp","href":"https:\/\/api.w.org\/{rel}","templated":true}]}}