{"id":190423,"date":"2025-06-20T07:48:09","date_gmt":"2025-06-20T07:48:09","guid":{"rendered":"https:\/\/www.europesays.com\/fr\/190423\/"},"modified":"2025-06-20T07:48:09","modified_gmt":"2025-06-20T07:48:09","slug":"youporn-pornhub-et-redtube-de-nouveaux-accessibles-en-france","status":"publish","type":"post","link":"https:\/\/www.europesays.com\/fr\/190423\/","title":{"rendered":"Youporn, Pornhub et Redtube de nouveaux accessibles en France"},"content":{"rendered":"<p>La nouvelle risque de r\u00e9jouir des millions d\u2019internautes m\u00eame s\u2019ils ne le crieront pas sur tous les toits. Bloqu\u00e9s depuis deux semaines, les sites <a href=\"https:\/\/www.20minutes.fr\/dossier\/porno\" class=\"color-ultramarine c-link\" target=\"_blank\" rel=\"noopener\">pornographiques <\/a>Youporn, Pornhub et Redtube sont de nouveau accessibles en France ce vendredi. Leur propri\u00e9taire, l\u2019\u00e9diteur canadien Aylo, a en effet d\u00e9cid\u00e9 de r\u00e9activer ses g\u00e9ants du porno apr\u00e8s la suspension par la justice fran\u00e7aise de l\u2019arr\u00eat\u00e9 imposant aux plateformes pornographiques situ\u00e9es dans l\u2019Union europ\u00e9enne de v\u00e9rifier l\u2019\u00e2ge de leurs utilisateurs.<\/p>\n<p>La d\u00e9cision du tribunal administratif de Paris, qui a suspendu lundi l\u2019arr\u00eat\u00e9 dans l\u2019attente de voir s\u2019il \u00e9tait compatible avec le droit europ\u00e9en, \u00ab\u00a0offre l\u2019occasion de reconsid\u00e9rer des approches plus efficaces\u00a0\u00bb, explique un message sur la page d\u2019accueil des trois sites. Le gouvernement fran\u00e7ais a pour sa part annonc\u00e9 son souhait de se pourvoir en cassation devant le Conseil d\u2019\u00c9tat.<\/p>\n<p>Sept millions de visiteurs quotidiens en France<\/p>\n<p>H\u00e9berg\u00e9 \u00e0 Chypre, Aylo <a href=\"https:\/\/www.20minutes.fr\/societe\/4156696-20250603-pornographie-sites-youporn-pornhub-diffuseront-plus-videos-mercredi-france\" class=\"color-ultramarine c-link\" target=\"_blank\" rel=\"noopener\">avait rendu ses sites inaccessibles d\u00e9but juin<\/a> pour protester contre la loi fran\u00e7aise de\u00a02024 qui oblige les \u00e9diteurs de sites X \u00e0 mettre en place un syst\u00e8me d\u2019identification <a href=\"https:\/\/www.20minutes.fr\/societe\/4155660-20250527-protection-mineurs-pornhub-stripchat-xvideos-ue-lance-enquete-contre-quatre-plateformes-pornographiques\" class=\"color-ultramarine c-link\" target=\"_blank\" rel=\"noopener\">emp\u00eachant les mineurs d\u2019y acc\u00e9der<\/a>, sous peine de sanctions du gendarme du num\u00e9rique et de l\u2019audiovisuel, l\u2019Arcom, pouvant aller jusqu\u2019au blocage. Selon la l\u00e9gislation fran\u00e7aise, ils doivent exiger l\u2019envoi d\u2019une photo ou d\u2019un document d\u2019identit\u00e9 par exemple, en proposant au moins une m\u00e9thode respectant le principe de double anonymat qui permet de prouver sa majorit\u00e9 sans divulguer son identit\u00e9.<\/p>\n<\/p>\n<p>Aylo, qui revendique sept millions de visiteurs quotidiens en France sur ses diff\u00e9rentes plateformes, d\u00e9fend de son c\u00f4t\u00e9 une v\u00e9rification de l\u2019\u00e2ge au niveau des appareils et de leur syst\u00e8me d\u2019exploitation.<\/p>\n","protected":false},"excerpt":{"rendered":"La nouvelle risque de r\u00e9jouir des millions d\u2019internautes m\u00eame s\u2019ils ne le crieront pas sur tous les toits.&hellip;\n","protected":false},"author":2,"featured_media":190424,"comment_status":"","ping_status":"","sticky":false,"template":"","format":"standard","meta":{"footnotes":""},"categories":[4],"tags":[47,11,7551,1011,27,310,1123,12,32825,2355,25,15436,104],"class_list":{"0":"post-190423","1":"post","2":"type-post","3":"status-publish","4":"format-standard","5":"has-post-thumbnail","7":"category-france","8":"tag-actualite","9":"tag-actualites","10":"tag-blocage","11":"tag-fr","12":"tag-france","13":"tag-internet","14":"tag-mineur","15":"tag-news","16":"tag-porno","17":"tag-protection-de-lenfance","18":"tag-republique-francaise","19":"tag-sexe","20":"tag-societe"},"share_on_mastodon":{"url":"https:\/\/pubeurope.com\/@fr\/114714595095818232","error":""},"_links":{"self":[{"href":"https:\/\/www.europesays.com\/fr\/wp-json\/wp\/v2\/posts\/190423","targetHints":{"allow":["GET"]}}],"collection":[{"href":"https:\/\/www.europesays.com\/fr\/wp-json\/wp\/v2\/posts"}],"about":[{"href":"https:\/\/www.europesays.com\/fr\/wp-json\/wp\/v2\/types\/post"}],"author":[{"embeddable":true,"href":"https:\/\/www.europesays.com\/fr\/wp-json\/wp\/v2\/users\/2"}],"replies":[{"embeddable":true,"href":"https:\/\/www.europesays.com\/fr\/wp-json\/wp\/v2\/comments?post=190423"}],"version-history":[{"count":0,"href":"https:\/\/www.europesays.com\/fr\/wp-json\/wp\/v2\/posts\/190423\/revisions"}],"wp:featuredmedia":[{"embeddable":true,"href":"https:\/\/www.europesays.com\/fr\/wp-json\/wp\/v2\/media\/190424"}],"wp:attachment":[{"href":"https:\/\/www.europesays.com\/fr\/wp-json\/wp\/v2\/media?parent=190423"}],"wp:term":[{"taxonomy":"category","embeddable":true,"href":"https:\/\/www.europesays.com\/fr\/wp-json\/wp\/v2\/categories?post=190423"},{"taxonomy":"post_tag","embeddable":true,"href":"https:\/\/www.europesays.com\/fr\/wp-json\/wp\/v2\/tags?post=190423"}],"curies":[{"name":"wp","href":"https:\/\/api.w.org\/{rel}","templated":true}]}}