{"id":190432,"date":"2025-06-20T07:55:10","date_gmt":"2025-06-20T07:55:10","guid":{"rendered":"https:\/\/www.europesays.com\/fr\/190432\/"},"modified":"2025-06-20T07:55:10","modified_gmt":"2025-06-20T07:55:10","slug":"tout-est-bon-financierement-assure-john-textor-avant-le-passage-de-lol-devant-la-dncg","status":"publish","type":"post","link":"https:\/\/www.europesays.com\/fr\/190432\/","title":{"rendered":"\u00abtout est bon financi\u00e8rement\u00bb, assure John Textor avant le passage de l\u2019OL devant la DNCG"},"content":{"rendered":"<p>Le pr\u00e9sident am\u00e9ricain du club rhodanien a rendez-vous avec le gendarme financier de la Ligue mardi prochain.<\/p>\n<p class=\"fig-paragraph\">Photos, autographes, poign\u00e9es de main&#8230; John Textor semblait comme chez lui vendredi au Rose Bowl Stadium de Pasadena. L\u2019homme d\u2019affaires am\u00e9ricain de 59 ans \u00e9tait pr\u00e9sent pour assister \u00e0 la rencontre entre\u00a0<a href=\"http:\/\/www.lefigaro.fr\/sports\/football\/coupe-du-monde\/coupe-du-monde-des-clubs-il-fallait-faire-en-sorte-que-le-psg-avale-son-propre-poison-declare-le-coach-de-botafogo-apres-une-victoire-historique-20250620\" data-fig-type=\"NewsFlash\" data-gtm-custom-categorie=\"navigation\" data-gtm-custom-action=\"crossclick\" data-gtm-custom-label=\"Contextuel\" data-gtm-event=\"customEventSPE\" data-fig-domain=\"LEFIGARO\" target=\"_blank\" rel=\"noopener\">Botafogo<\/a>, le club qu\u2019il d\u00e9tient au m\u00eame titre que l\u2019OL, et le PSG.<\/p>\n<p class=\"fig-paragraph\">Pour son plus grand plaisir,\u00a0<a href=\"http:\/\/www.lefigaro.fr\/sports\/football\/coupe-du-monde\/coupe-du-monde-des-clubs-brouillon-et-sans-idee-le-psg-tombe-face-au-botafogo-de-john-textor-20250620\" data-fig-type=\"NewsFlash\" data-gtm-custom-categorie=\"navigation\" data-gtm-custom-action=\"crossclick\" data-gtm-custom-label=\"Contextuel\" data-gtm-event=\"customEventSPE\" data-fig-domain=\"LEFIGARO\" target=\"_blank\" rel=\"noopener\">le club de Rio s\u2019est impos\u00e9 1-0<\/a>\u00a0\u00e0 la surprise g\u00e9n\u00e9rale gr\u00e2ce \u00e0 un but d\u2019Igor Jesus \u00e0 la 36e minute. Apr\u00e8s la rencontre, il est descendu sur la pelouse pour communier avec ses joueurs et r\u00e9pondre \u00e0 quelques sollicitations m\u00e9diatiques.<\/p>\n<p class=\"fig-paragraph\">Interrog\u00e9 par le journal l\u2019\u00c9quipe au sujet du rendez-vous qu\u2019il aura mardi prochain avec la Direction nationale de contr\u00f4le et de gestion (DNCG) de la Ligue concernant l\u2019avenir de l\u2019OL, il est apparu confiant,\u00a0<a href=\"http:\/\/www.lefigaro.fr\/sports\/football\/ligue-1\/ol-le-club-est-deja-sauve-n-ecoute-pas-la-p-de-presse-l-echange-lunaire-et-muscle-entre-textor-et-un-supporter-en-colere-20250517\" data-fig-type=\"NewsFlash\" data-gtm-custom-categorie=\"navigation\" data-gtm-custom-action=\"crossclick\" data-gtm-custom-label=\"Contextuel\" data-gtm-event=\"customEventSPE\" data-fig-domain=\"LEFIGARO\" target=\"_blank\" rel=\"noopener\">comme souvent<\/a>\u00a0: \u00abOn a r\u00e9alis\u00e9 divers investissements ces derni\u00e8res semaines. Tout est bon financi\u00e8rement\u00bb, a-t-il assur\u00e9.<\/p>\n","protected":false},"excerpt":{"rendered":"Le pr\u00e9sident am\u00e9ricain du club rhodanien a rendez-vous avec le gendarme financier de la Ligue mardi prochain. Photos,&hellip;\n","protected":false},"author":2,"featured_media":190433,"comment_status":"","ping_status":"","sticky":false,"template":"","format":"standard","meta":{"footnotes":""},"categories":[1412],"tags":[454,69,448,83,451,19747,64,450,449,1451,1452,1453,1454,1455,1011,27,452,12428,453,66,446,447,978,70,60,455],"class_list":{"0":"post-190432","1":"post","2":"type-post","3":"status-publish","4":"format-standard","5":"has-post-thumbnail","7":"category-f1","8":"tag-ballon-dor","9":"tag-bundesliga","10":"tag-champions-league","11":"tag-coupe-de-france","12":"tag-coupe-du-monde","13":"tag-dncg","14":"tag-equipe-de-france","15":"tag-euro","16":"tag-europa-league","17":"tag-f1","18":"tag-formula-1","19":"tag-formula1","20":"tag-formule-1","21":"tag-formule1","22":"tag-fr","23":"tag-france","24":"tag-italie","25":"tag-john-textor","26":"tag-liga","27":"tag-ligue-1","28":"tag-ligue-2","29":"tag-ligue-des-champions","30":"tag-olympique-lyonnais","31":"tag-premier-league","32":"tag-sports","33":"tag-uefa"},"share_on_mastodon":{"url":"https:\/\/pubeurope.com\/@fr\/114714622256818161","error":""},"_links":{"self":[{"href":"https:\/\/www.europesays.com\/fr\/wp-json\/wp\/v2\/posts\/190432","targetHints":{"allow":["GET"]}}],"collection":[{"href":"https:\/\/www.europesays.com\/fr\/wp-json\/wp\/v2\/posts"}],"about":[{"href":"https:\/\/www.europesays.com\/fr\/wp-json\/wp\/v2\/types\/post"}],"author":[{"embeddable":true,"href":"https:\/\/www.europesays.com\/fr\/wp-json\/wp\/v2\/users\/2"}],"replies":[{"embeddable":true,"href":"https:\/\/www.europesays.com\/fr\/wp-json\/wp\/v2\/comments?post=190432"}],"version-history":[{"count":0,"href":"https:\/\/www.europesays.com\/fr\/wp-json\/wp\/v2\/posts\/190432\/revisions"}],"wp:featuredmedia":[{"embeddable":true,"href":"https:\/\/www.europesays.com\/fr\/wp-json\/wp\/v2\/media\/190433"}],"wp:attachment":[{"href":"https:\/\/www.europesays.com\/fr\/wp-json\/wp\/v2\/media?parent=190432"}],"wp:term":[{"taxonomy":"category","embeddable":true,"href":"https:\/\/www.europesays.com\/fr\/wp-json\/wp\/v2\/categories?post=190432"},{"taxonomy":"post_tag","embeddable":true,"href":"https:\/\/www.europesays.com\/fr\/wp-json\/wp\/v2\/tags?post=190432"}],"curies":[{"name":"wp","href":"https:\/\/api.w.org\/{rel}","templated":true}]}}