{"id":190440,"date":"2025-06-20T07:59:15","date_gmt":"2025-06-20T07:59:15","guid":{"rendered":"https:\/\/www.europesays.com\/fr\/190440\/"},"modified":"2025-06-20T07:59:15","modified_gmt":"2025-06-20T07:59:15","slug":"au-centre-pompidou-metz-les-artistes-contemporains-revoient-leur-copie","status":"publish","type":"post","link":"https:\/\/www.europesays.com\/fr\/190440\/","title":{"rendered":"Au Centre Pompidou-Metz, les artistes contemporains revoient leur copie"},"content":{"rendered":"<p class=\"editor-content__paragraph\"><a href=\"https:\/\/www.beauxarts.com\/expos\/jeff-koons-self-made-mythe\/\" target=\"_blank\" rel=\"noopener\">Jeff Koons<\/a>, Claire Tabouret, Laurent Grasso, Miquel Barcel\u00f3, <a href=\"https:\/\/www.beauxarts.com\/expos\/nina-childress-peintre-au-coeur-punk-et-sans-entrave\/\" target=\"_blank\" rel=\"noopener\">Nina Childress<\/a>, <a href=\"https:\/\/www.beauxarts.com\/expos\/biennale-de-venise-le-monde-abyssal-de-julien-creuzet-pour-le-pavillon-francais\/\" target=\"_blank\" rel=\"noopener\">Julien Creuzet<\/a>\u2026 Ils sont 100, <strong>de toutes g\u00e9n\u00e9rations et de tous horizons<\/strong>, peintres pour beaucoup, mais pas seulement puisqu\u2019ils s\u2019expriment aussi <strong>par le dessin, la vid\u00e9o, la sculpture<\/strong>, le v\u00eatement.<\/p>\n<p class=\"editor-content__paragraph\">S\u2019ils ont fait le voyage jusqu\u2019\u00e0 <strong>Metz<\/strong>, c\u2019est parce qu\u2019ils ont r\u00e9pondu \u00e0 une invitation adress\u00e9e plusieurs mois auparavant\u00a0: \u00ab\u00a0\u00c0 partir de l\u2019\u0153uvre de votre choix conserv\u00e9e parmi les collections du mus\u00e9e du Louvre, imaginez sa copie.\u00a0\u00bb \u00c0 l\u2019original, pr\u00e9f\u00e9rez<strong> les copistes<\/strong>\u00a0! Ce th\u00e8me, assez in\u00e9dit, est au c\u0153ur de <strong>la derni\u00e8re exposition du Centre Pompidou-Metz<\/strong>, qui propose de revisiter le geste ancestral de la copie \u00e0 l\u2019aune de la cr\u00e9ation contemporaine.<\/p>\n<p>    <img loading=\"lazy\" decoding=\"async\" class=\"image__img\" src=\"https:\/\/www.europesays.com\/fr\/wp-content\/uploads\/2025\/06\/web20250307_sleepinghermaphrodite_26cmx20cm_cc_flat-2-964x742.jpg\" alt=\"Jeff Koons, (Sleeping Hermaphrodite) Gazing Balls\" width=\"964\" height=\"742\"\/><\/p>\n<p>Jeff Koons, (Sleeping Hermaphrodite) Gazing Balls, 2025<\/p>\n<p>    i<\/p>\n<p class=\"legende__cartel\">Pl\u00e2tre et verre \u2022 60,6 \u00d7 179,5 \u00d7 100,3\u00a0cm \u2022 \u00a9 Jeff Koons<\/p>\n<p>            <strong>Continuez votre lecture<\/strong><\/p>\n<p>\n                et acc\u00e9dez \u00e0 Beaux Arts Magazine<br \/>et \u00e0 tous les contenus web<br \/><strong>en illimit\u00e9 \u00e0 partir de 5,75\u20ac \/ mois<\/strong>\n            <\/p>\n<p class=\"cta-abonnement__log-in\">\n        D\u00e9j\u00e0 abonn\u00e9 ?        <a data-id=\"aHR0cHM6Ly93d3cuYmVhdXhhcnRzLmNvbS9tb24tY29tcHRlLw==\">Connectez-vous<\/a>\n    <\/p>\n<p>            <img data-vllblanksrc=\"https:\/\/www.beauxarts.com\/expos\/au-centre-pompidou-metz-les-artistes-contemporains-revoient-la-copie-de-fond-en-comble\/1\" data-vllsrc=\"https:\/\/www.europesays.com\/fr\/wp-content\/uploads\/2025\/05\/couv-bam-492-232x300.png\" alt=\"\"\/><img data-vllblanksrc=\"https:\/\/www.beauxarts.com\/expos\/au-centre-pompidou-metz-les-artistes-contemporains-revoient-la-copie-de-fond-en-comble\/1\" data-vllsrc=\"https:\/\/www.europesays.com\/fr\/wp-content\/uploads\/2025\/04\/couv-bam-2025-1-232x300.png\" alt=\"\"\/>        <\/p>\n","protected":false},"excerpt":{"rendered":"Jeff Koons, Claire Tabouret, Laurent Grasso, Miquel Barcel\u00f3, Nina Childress, Julien Creuzet\u2026 Ils sont 100, de toutes g\u00e9n\u00e9rations&hellip;\n","protected":false},"author":2,"featured_media":190441,"comment_status":"","ping_status":"","sticky":false,"template":"","format":"standard","meta":{"footnotes":""},"categories":[1358],"tags":[1396,1348,1384,1385,32827,1386,58,59,1011,27],"class_list":{"0":"post-190440","1":"post","2":"type-post","3":"status-publish","4":"format-standard","5":"has-post-thumbnail","7":"category-arts-et-design","8":"tag-art-contemporain","9":"tag-arts","10":"tag-arts-and-design","11":"tag-arts-et-design","12":"tag-centre-pompidou-metz","13":"tag-design","14":"tag-divertissement","15":"tag-entertainment","16":"tag-fr","17":"tag-france"},"share_on_mastodon":{"url":"https:\/\/pubeurope.com\/@fr\/114714638336590965","error":""},"_links":{"self":[{"href":"https:\/\/www.europesays.com\/fr\/wp-json\/wp\/v2\/posts\/190440","targetHints":{"allow":["GET"]}}],"collection":[{"href":"https:\/\/www.europesays.com\/fr\/wp-json\/wp\/v2\/posts"}],"about":[{"href":"https:\/\/www.europesays.com\/fr\/wp-json\/wp\/v2\/types\/post"}],"author":[{"embeddable":true,"href":"https:\/\/www.europesays.com\/fr\/wp-json\/wp\/v2\/users\/2"}],"replies":[{"embeddable":true,"href":"https:\/\/www.europesays.com\/fr\/wp-json\/wp\/v2\/comments?post=190440"}],"version-history":[{"count":0,"href":"https:\/\/www.europesays.com\/fr\/wp-json\/wp\/v2\/posts\/190440\/revisions"}],"wp:featuredmedia":[{"embeddable":true,"href":"https:\/\/www.europesays.com\/fr\/wp-json\/wp\/v2\/media\/190441"}],"wp:attachment":[{"href":"https:\/\/www.europesays.com\/fr\/wp-json\/wp\/v2\/media?parent=190440"}],"wp:term":[{"taxonomy":"category","embeddable":true,"href":"https:\/\/www.europesays.com\/fr\/wp-json\/wp\/v2\/categories?post=190440"},{"taxonomy":"post_tag","embeddable":true,"href":"https:\/\/www.europesays.com\/fr\/wp-json\/wp\/v2\/tags?post=190440"}],"curies":[{"name":"wp","href":"https:\/\/api.w.org\/{rel}","templated":true}]}}