{"id":190442,"date":"2025-06-20T08:00:10","date_gmt":"2025-06-20T08:00:10","guid":{"rendered":"https:\/\/www.europesays.com\/fr\/190442\/"},"modified":"2025-06-20T08:00:10","modified_gmt":"2025-06-20T08:00:10","slug":"ascendant-beauf-un-livre-a-offrir-a-vos-amis-de-gauche-meprisants","status":"publish","type":"post","link":"https:\/\/www.europesays.com\/fr\/190442\/","title":{"rendered":"\u00ab\u00a0Ascendant beauf\u00a0\u00bb : un livre \u00e0 offrir \u00e0 vos amis \u00ab\u00a0de gauche\u00a0\u00bb m\u00e9prisants"},"content":{"rendered":"<p><a href=\"https:\/\/www.lalibre.be\/culture\/livres-bd\/2024\/12\/12\/les-10-meilleurs-livres-de-lannee-2024-pour-nos-critiques-QYCHIZHXTZHZ3LM3HLEISMOO6I\/\" target=\"_blank\" rel=\"noopener noreferrer\" class=\"ap-StoryInterstitialLink ap-StoryElement ap-StoryElement--mb js-paywall-target\">Les 10 meilleurs livres de l&rsquo;ann\u00e9e 2024 pour nos critiques<\/a><\/p>\n<p class=\"ap-StoryElement ap-StoryElement--mb ap-StoryText\">Ce n&rsquo;\u00e9tait rien compar\u00e9 \u00e0 ce qui l&rsquo;attendait \u00e0 Paris o\u00f9 les chansons qui avaient berc\u00e9 son enfance (Dans les yeux d&rsquo;\u00c9milie de Joe Dassin) \u00e9taient moqu\u00e9es par ses nouveaux potes \u00ab\u00a0de gauche\u00a0\u00bb. En citant de nombreux chercheurs (Bourdieu, Beno\u00eet Coquard\u2026), Rose Lamy analyse tr\u00e8s finement le d\u00e9terminisme social, l&rsquo;entre-soi et le m\u00e9pris des milieux intello-bourgeois cens\u00e9s, selon le discours affich\u00e9 et le vote, d\u00e9fendre les classes populaires et porter aux nues l&rsquo;\u00e9galitarisme alors \u00ab\u00a0que les valeurs ne suivent pas vraiment\u00a0\u00bb.<\/p>\n<p class=\"ap-StoryElement ap-StoryElement--mb ap-StoryText\">Elle prend, notamment, pour exemples, une s\u00e9quence de l&rsquo;\u00e9mission Quotidien, <a href=\"https:\/\/www.franceinfo.fr\/replay-radio\/l-histoire-du-jour\/quand-technikart-se-moque-de-gueret_1733747.html\" target=\"_blank\" rel=\"noopener\">un article de Technikart<\/a> sur la Creuse ou encore le stand-up d&rsquo;une humoriste chaudement applaudie dans l&rsquo;\u00e9mission de Charline Vanhoenacker sur France Inter\u200a: \u00ab\u00a0Y a moyen qu&rsquo;un jour en France y ait un pr\u00e9sident qui s&rsquo;appelle Jordan.\u00a0\u00bb<\/p>\n<p class=\"ap-StoryElement ap-StoryElement--mb ap-StoryText\">De quoi donner du grain \u00e0 moudre au RN pour l&rsquo;autrice qui \u00ab\u00a0n&rsquo;est pas dupe\u00a0\u00bb des intentions du parti de Marine Le Pen. Rose Lamy, dont plusieurs membres de la famille ont d\u00e9j\u00e0 vot\u00e9 pour l&rsquo;extr\u00eame droite, rappelle qu&rsquo;il ne faut pas r\u00e9duire les gens \u00e0 leur vote et \u00ab\u00a0que le racisme nous traverse tous.te\u00a0\u00bb.<\/p>\n<p><a href=\"https:\/\/www.lalibre.be\/culture\/livres-bd\/2025\/05\/15\/la-traduction-du-monde-dans-un-brillant-essai-juan-gabriel-vasquez-plaide-pour-lart-du-roman-YKVYQNA3XNGAVDREILMJZAY36Q\/\" target=\"_blank\" rel=\"noopener noreferrer\" class=\"ap-StoryInterstitialLink ap-StoryElement ap-StoryElement--mb\">\u00ab\u00a0La traduction du monde\u00a0\u00bb : dans un brillant essai, Juan Gabriel V\u00e1squez plaide pour l&rsquo;art du roman<\/a><\/p>\n<p class=\"ap-StoryElement ap-StoryElement--mb ap-StoryText\">Elle d\u00e9nonce aussi les faux \u00ab\u00a0transfuges de classe\u00a0\u00bb qui se cherchent un \u00ab\u00a0capital prolo\u00a0\u00bb, la \u00ab\u00a0gentrification culturelle\u00a0\u00bb (l&rsquo;attrait des \u00ab\u00a0bobos\u00a0\u00bb pour les PMU, les reprises pop de chansons populaires qui les rendent acceptables, le casting sauvage pour les films sociaux\u2026).<\/p>\n<p class=\"ap-StoryElement ap-StoryElement--mb ap-StoryText\">Comme sur Instagram, Rose Lamy fait un pas de c\u00f4t\u00e9 pour d\u00e9tricoter les mots r\u00e9guli\u00e8rement utilis\u00e9s dans les m\u00e9dias\u200a: la France p\u00e9riph\u00e9rique, la Diagonale du vide. Des termes d\u00e9finis d&rsquo;un point de vue parisien\u2026 \u00ab\u00a0Ces id\u00e9es donnent une fameuse couleur \u00e0 l&rsquo;existence et \u00e0 ce qu&rsquo;on est en droit d&rsquo;attendre de l&rsquo;avenir.\u00a0\u00bb<\/p>\n<p class=\"ap-StoryElement ap-StoryElement--mb ap-StoryText\">Un livre \u00e0 passer \u00e0 tous ses amis intello-bourgeois m\u00e9prisants qui s&rsquo;av\u00e8re touchant par la franchise de son autrice. Cette derni\u00e8re se d\u00e9voile, mais jamais gratuitement, en \u00e9voquant sa sant\u00e9 mentale, l&rsquo;impact du m\u00e9pris sur son corps, de son origine sociale sur ses relations amoureuses, les reproches \u00e9hont\u00e9s adress\u00e9s \u00e0 sa m\u00e8re qui n&rsquo;a plus les m\u00eames codes qu&rsquo;elle ou le d\u00e9c\u00e8s de son p\u00e8re mort pr\u00e9matur\u00e9ment d&rsquo;une crise cardiaque.<\/p>\n<p class=\"ap-StoryElement ap-StoryElement--mb ap-StoryText\"><b>Ascendant beauf<\/b> Essai De Rose Lamy, Seuil, 167 pp. Prix 18,50 \u20ac, num\u00e9rique 13 \u20ac<\/p>\n","protected":false},"excerpt":{"rendered":"Les 10 meilleurs livres de l&rsquo;ann\u00e9e 2024 pour nos critiques Ce n&rsquo;\u00e9tait rien compar\u00e9 \u00e0 ce qui l&rsquo;attendait&hellip;\n","protected":false},"author":2,"featured_media":190443,"comment_status":"","ping_status":"","sticky":false,"template":"","format":"standard","meta":{"footnotes":""},"categories":[1357],"tags":[1379,58,11035,59,1011,27,3751,32828,32829,1227,1380,32830,9024,32831,10394],"class_list":{"0":"post-190442","1":"post","2":"type-post","3":"status-publish","4":"format-standard","5":"has-post-thumbnail","7":"category-livres","8":"tag-books","9":"tag-divertissement","10":"tag-election","11":"tag-entertainment","12":"tag-fr","13":"tag-france","14":"tag-headshot","15":"tag-headshot-close-up","16":"tag-history","17":"tag-horizontal","18":"tag-livres","19":"tag-political-meeting","20":"tag-politics","21":"tag-presidential-election","22":"tag-trial"},"share_on_mastodon":{"url":"https:\/\/pubeurope.com\/@fr\/114714642190977953","error":""},"_links":{"self":[{"href":"https:\/\/www.europesays.com\/fr\/wp-json\/wp\/v2\/posts\/190442","targetHints":{"allow":["GET"]}}],"collection":[{"href":"https:\/\/www.europesays.com\/fr\/wp-json\/wp\/v2\/posts"}],"about":[{"href":"https:\/\/www.europesays.com\/fr\/wp-json\/wp\/v2\/types\/post"}],"author":[{"embeddable":true,"href":"https:\/\/www.europesays.com\/fr\/wp-json\/wp\/v2\/users\/2"}],"replies":[{"embeddable":true,"href":"https:\/\/www.europesays.com\/fr\/wp-json\/wp\/v2\/comments?post=190442"}],"version-history":[{"count":0,"href":"https:\/\/www.europesays.com\/fr\/wp-json\/wp\/v2\/posts\/190442\/revisions"}],"wp:featuredmedia":[{"embeddable":true,"href":"https:\/\/www.europesays.com\/fr\/wp-json\/wp\/v2\/media\/190443"}],"wp:attachment":[{"href":"https:\/\/www.europesays.com\/fr\/wp-json\/wp\/v2\/media?parent=190442"}],"wp:term":[{"taxonomy":"category","embeddable":true,"href":"https:\/\/www.europesays.com\/fr\/wp-json\/wp\/v2\/categories?post=190442"},{"taxonomy":"post_tag","embeddable":true,"href":"https:\/\/www.europesays.com\/fr\/wp-json\/wp\/v2\/tags?post=190442"}],"curies":[{"name":"wp","href":"https:\/\/api.w.org\/{rel}","templated":true}]}}