{"id":190444,"date":"2025-06-20T08:01:18","date_gmt":"2025-06-20T08:01:18","guid":{"rendered":"https:\/\/www.europesays.com\/fr\/190444\/"},"modified":"2025-06-20T08:01:18","modified_gmt":"2025-06-20T08:01:18","slug":"dans-la-tete-des-ss-la-mentalite-du-mal-sur-t18","status":"publish","type":"post","link":"https:\/\/www.europesays.com\/fr\/190444\/","title":{"rendered":"\u00ab\u00a0Dans la t\u00eate des SS\u00a0\u00bb, la mentalit\u00e9 du mal sur T18"},"content":{"rendered":"<p>Pour comprendre leur engagement mortif\u00e8re, ce documentaire interroge d\u2019anciens nazis en proie aux remords ou, h\u00e9las, \u00e0 la nostalgie.<\/p>\n<p class=\"fig-paragraph\">\u00ab\u00a0Effroyablement normaux.\u00a0\u00bb\u00a0Face \u00e0 l\u2019attitude des tortionnaires des camps de concentration et d\u2019extermination, Hannah Arendt avait eu recours \u00e0 cette expression, qui exprime en d\u2019autres mots le concept fameux de banalit\u00e9 du mal th\u00e9oris\u00e9 en 1963. L\u2019\u00e9taient-ils, effroyablement normaux, les soldats z\u00e9l\u00e9s du Troisi\u00e8me Reich\u00a0? Dans la t\u00eate des SS, un documentaire sorti en 2018 que rediffuse la toute jeune cha\u00eene T18 apporte de pr\u00e9cieux \u00e9l\u00e9ments de r\u00e9ponse. Cette heure et demie de narration historique est entrecoup\u00e9e d\u2019entretiens avec d\u2019anciens hommes de la Schutzstaffel.<\/p>\n<p class=\"fig-paragraph\">Hitler, d\u00e8s les ann\u00e9es 1930, leur avait fait croire qu\u2019ils deviendraient des seigneurs. L\u2019\u00e9lite d\u2019une Allemagne ivre d\u2019elle-m\u00eame. Les images, pour certaines coloris\u00e9es, montrent les d\u00e9fil\u00e9s g\u00e9ants, les visages et les costumes illumin\u00e9s par des torches, les bras qui se l\u00e8vent au passage du F\u00fchrer. \u00ab\u00a0On ne peut plus comprendre ces \u00e9motions d\u2019alors (\u2026) L\u2019id\u00e9ologie inculqu\u00e9e nous faisait penser que nous n\u2019\u00e9tions rien et que le peuple \u00e9tait tout\u00a0\u00bb, se souvient un ex-SS qui s\u2019est rachet\u00e9 en devenant pasteur.<\/p>\n<p class=\"fig-paragraph\">\u00c0 force d\u2019archives et de contextualisation, le documentaire s\u2019emploie \u00e0 faire comprendre ces \u00ab\u00a0\u00e9motions\u00a0\u00bb. Cette fiert\u00e9 germanique \u00e9rig\u00e9e en religion &#8211;\u00a0on baptisait devant des portraits de Hitler\u00a0&#8211; n\u00e9e des cendres de la guerre pr\u00e9c\u00e9dente, qui a conduit l\u2019Allemagne \u00e0 se chercher un nouvel amour-propre. \u00ab\u00a0Le Trait\u00e9 de Versailles de 1918\u00a0a \u00e9t\u00e9 une humiliation\u00a0\u00bb, s\u2019\u00e9nerve ainsi un ancien SS autrichien, \u00e0 la nostalgie sinistre. Il n\u2019a visiblement pas fait le deuil des c\u00e9r\u00e9monials pseudo-mythologiques nazis et de la notion d\u2019\u00ab\u00a0honneur\u00a0\u00bb que les SS brandissaient comme un couteau.<\/p>\n<p>Absence de culpabilit\u00e9<\/p>\n<p class=\"fig-paragraph\">\u00c0 les entendre, tout les poussait \u00e0 l\u2019ob\u00e9issance. Et d\u2019abord une haine des Juifs, pr\u00e9sent\u00e9s comme l\u2019origine du mal. Apr\u00e8s s\u2019\u00eatre d\u00e9cha\u00een\u00e9e en 1934 contre les hommes de la SA, la section d\u2019assaut rivale des SS, leur violence \u00e9clate lors des pogroms de la Nuit de Cristal, en 1938. L\u2019id\u00e9e m\u00eame de culpabilit\u00e9 n\u2019effleure visiblement pas les esprits. Comme leur indiquent les discours de propagande, ils s\u2019estiment victimes du \u00ab\u00a0jud\u00e9o-bolch\u00e9visme\u00a0\u00bb. Alors, lorsqu\u2019on demande \u00e0 Hans Friedrich ce qu\u2019il ressentait en donnant la mort par balle en 1941 \u00e0 des Juifs sovi\u00e9tiques, il r\u00e9pond\u00a0: \u00ab\u00a0Je me disais juste\u00a0: vise bien\u00a0\u00bb.<\/p>\n<p class=\"fig-paragraph\">La SS, \u00e0 laquelle des Fran\u00e7ais, des Belges ou des Bosniaques ont d\u2019ailleurs appartenu, s\u2019est distingu\u00e9e par sa sauvagerie. En France, \u00e0 Oradour-sur-Glane, le 10\u00a0juin 1944, en assassinant 643\u00a0habitants. \u00c0 Distomo, en Gr\u00e8ce, \u00e0 la m\u00eame \u00e9poque, en tuant 218\u00a0civils. Ou en administrant les camps de la mort. Quelque 40\u00a0000\u00a0gardiens, en tout, dont beaucoup n\u2019ont jamais \u00e9t\u00e9 inqui\u00e9t\u00e9s apr\u00e8s guerre. Certains anciens SS montrent dans le film de la lucidit\u00e9. Comme cet homme, devenu syndicaliste de gauche, qui a mis en garde au cours de son existence contre les dangers de la propagande. D\u2019autres affirment face \u00e0 la cam\u00e9ra que les crimes nazis n\u2019ont jamais exist\u00e9. Herta Bothe, elle, ne peut les nier puisqu\u2019elle travaillait dans les camps de Ravensbr\u00fcck et Stutthof. Mais cette vieille dame, aujourd\u2019hui disparue, consid\u00e8re qu\u2019elle \u00ab\u00a0ne pouvai(t) rien pour eux\u00a0\u00bb. Pour les d\u00e9port\u00e9s. D\u2019une effroyable banalit\u00e9.<\/p>\n","protected":false},"excerpt":{"rendered":"Pour comprendre leur engagement mortif\u00e8re, ce documentaire interroge d\u2019anciens nazis en proie aux remords ou, h\u00e9las, \u00e0 la&hellip;\n","protected":false},"author":2,"featured_media":190445,"comment_status":"","ping_status":"","sticky":false,"template":"","format":"standard","meta":{"footnotes":""},"categories":[1356],"tags":[6399,6394,6396,6398,6397,6395,58,59,1011,27,16684,6401,6402,935,252,1364,6400],"class_list":{"0":"post-190444","1":"post","2":"type-post","3":"status-publish","4":"format-standard","5":"has-post-thumbnail","7":"category-television","8":"tag-ce-soir-a-la-tele","9":"tag-ce-soir-tv","10":"tag-ce-soir-tv-canal","11":"tag-ce-soir-tv-canalsat","12":"tag-ce-soir-tv-orange","13":"tag-ce-soir-tv-tnt","14":"tag-divertissement","15":"tag-entertainment","16":"tag-fr","17":"tag-france","18":"tag-nazisme","19":"tag-programme-tele-ce-soir","20":"tag-programme-tv-ce-soir","21":"tag-seconde-guerre-mondiale","22":"tag-television","23":"tag-tv","24":"tag-tv-ce-soir-programme-tv"},"share_on_mastodon":{"url":"https:\/\/pubeurope.com\/@fr\/114714645869973060","error":""},"_links":{"self":[{"href":"https:\/\/www.europesays.com\/fr\/wp-json\/wp\/v2\/posts\/190444","targetHints":{"allow":["GET"]}}],"collection":[{"href":"https:\/\/www.europesays.com\/fr\/wp-json\/wp\/v2\/posts"}],"about":[{"href":"https:\/\/www.europesays.com\/fr\/wp-json\/wp\/v2\/types\/post"}],"author":[{"embeddable":true,"href":"https:\/\/www.europesays.com\/fr\/wp-json\/wp\/v2\/users\/2"}],"replies":[{"embeddable":true,"href":"https:\/\/www.europesays.com\/fr\/wp-json\/wp\/v2\/comments?post=190444"}],"version-history":[{"count":0,"href":"https:\/\/www.europesays.com\/fr\/wp-json\/wp\/v2\/posts\/190444\/revisions"}],"wp:featuredmedia":[{"embeddable":true,"href":"https:\/\/www.europesays.com\/fr\/wp-json\/wp\/v2\/media\/190445"}],"wp:attachment":[{"href":"https:\/\/www.europesays.com\/fr\/wp-json\/wp\/v2\/media?parent=190444"}],"wp:term":[{"taxonomy":"category","embeddable":true,"href":"https:\/\/www.europesays.com\/fr\/wp-json\/wp\/v2\/categories?post=190444"},{"taxonomy":"post_tag","embeddable":true,"href":"https:\/\/www.europesays.com\/fr\/wp-json\/wp\/v2\/tags?post=190444"}],"curies":[{"name":"wp","href":"https:\/\/api.w.org\/{rel}","templated":true}]}}