{"id":190454,"date":"2025-06-20T08:06:14","date_gmt":"2025-06-20T08:06:14","guid":{"rendered":"https:\/\/www.europesays.com\/fr\/190454\/"},"modified":"2025-06-20T08:06:14","modified_gmt":"2025-06-20T08:06:14","slug":"sale-periode-pour-cyril-hanouna-absent-deurope-1-il-annonce-une-triste-nouvelle-sur-son-fils-tele-star","status":"publish","type":"post","link":"https:\/\/www.europesays.com\/fr\/190454\/","title":{"rendered":"Sale p\u00e9riode pour Cyril Hanouna : absent d\u2019Europe 1, il annonce une triste nouvelle sur son fils &#8211; T\u00e9l\u00e9 Star"},"content":{"rendered":"<ol>\n<li><a href=\"https:\/\/news.google.com\/rss\/articles\/CBMiywFBVV95cUxNaGQ3ME1GeW9ESXZzMm9XVXdvQzM3SHVFRl9lSC13ZndEdzlMM1BaQTAwYnRiSlVtb1BsNWtsZkZxVjdCZm9ldVhFaFhMWmhsM2xKdnFpY1pYcnVaSE1ONXFNaWl2bVpiS2dIQVYxRTdybkpKNWR4VEZVLTV2bXZpRVNzdTFLR3BMRlNMNzY3TS02RjM1bjI2dzVJMXR2bFhtSF94NEU0MndYTFZKLURNdXlCUHhVYVJHbUhlazdOekdacDZlaGxCaWx0SQ?oc=5\" target=\"_blank\" rel=\"noopener\">Sale p\u00e9riode pour Cyril Hanouna : absent d\u2019Europe 1, il annonce une triste nouvelle sur son fils<\/a>&nbsp;&nbsp;T\u00e9l\u00e9 Star<\/li>\n<li><a href=\"https:\/\/news.google.com\/rss\/articles\/CBMizwFBVV95cUxNNnBQZlNCRVVNUkdwZzJoVFVQTDhBd0tMdTVJT3hiZkZ0TzJyYk5xUVdkOExsS25UVzNCQWYxVm1Vc1R3c0NLeUlmMW9UZE5lcHVaWEVzMV9LSmZESm82SS02d3U4eUs4cWhIOGZOZUFrSTZPRWtKMURvZHZIVzJ3cUV5X080T2k2WjQwdU4td1liR0ZyTWdkSWtaYjBFRVNmM2FyRDdpZVB4ZnFobU5HUjRod0swUWVTTi1uTTNzTl9XZWRrb3pUdFdqVzEtZU0?oc=5\" target=\"_blank\" rel=\"noopener\">\u00ab\u00a0Je n&rsquo;ai pas dormi de la nuit, c&rsquo;est tomb\u00e9 l\u00e0\u00a0\u00bb : Cyril Hanouna boulevers\u00e9 par une mauvaise nouvelle concernant son fils<\/a>&nbsp;&nbsp;public.fr<\/li>\n<li><a href=\"https:\/\/news.google.com\/rss\/articles\/CBMinAFBVV95cUxPbHF6eGVDTnRRQXltVmlYX01FeGFwb1ZQMURoZXozOEtEeTNrTVVrdXhXZmZVZDgzNFlGd1JVMnZzaUZyNmtIVnIxRFdZRUFPMGFiZ0dEdFZEWkhTUWxabk1maFh4aGJpSUhXRWhqRXZ4dTlHYXF0VktycUJlbDRiTE9LOGJ3ZDBCc3Fhdmo4UHlnbFJRRV9yb2hCaGs?oc=5\" target=\"_blank\" rel=\"noopener\">Hanouna fait le show au Chinese Business Club<\/a>&nbsp;&nbsp;Challenges<\/li>\n<li><a href=\"https:\/\/news.google.com\/rss\/articles\/CBMi6AFBVV95cUxPNnM5Mmtub3VFVUpCb0lkYkhDSGZpT3FKLXNNMEtVb3NVZjFUaXhEazE1UHhwQUhYTkp2azNmNFR1NGYtcEtTT0VWS1VPVnJndEpTY3g1RndNSlEzSGIwTHJVVGRzYTVsUGc0aGVfekZTd1p4bXlUMThNQkVkN05CZVh2LXpLV05zVzlrVWJuSnh1VE16dURLeHRVSU52QURwamJZRi0zMVJycnh2M3VfclZ6MzZJemtDQXh0blg1UUQ4S2d3MHdpWVN4WE84cEFjVXZkdm9MZGxrOUQzMk5tX2QxNkhPakdk?oc=5\" target=\"_blank\" rel=\"noopener\">\u00ab\u00a0Peut-\u00eatre que dans dix ans&#8230;.\u00a0\u00bb Cyril Hanouna ne ferme pas la porte \u00e0 une candidature \u00e0 la pr\u00e9sidentielle<\/a>&nbsp;&nbsp;Valeurs actuelles<\/li>\n<li><a href=\"https:\/\/news.google.com\/rss\/articles\/CBMirwFBVV95cUxOZ2V6b3l2aF9vSzUydVNZUlZSdFhZSFVhOExEWjM1THF2SlNDVm5paG5NNTJEVFp0VFJ0ak45a3FCTVRKYklZVzZiLVFWNkVzWjdHVk5zN25MQXFZTmxjWlE0WDJWMWRhMC1NSVJiT3VTSExjWWx6Yzl1TGlNeVJadjVabEgxdHVKS0ZIWS1XNnV6ZjN1QVIwY2RpdGE0bXd5cTRTdDB4NzREOHcyOW53?oc=5\" target=\"_blank\" rel=\"noopener\">Cyril Hanouna vit un sale moment, son fils Lino lui cause bien du souci<\/a>&nbsp;&nbsp;Closer<\/li>\n<\/ol>\n","protected":false},"excerpt":{"rendered":"Sale p\u00e9riode pour Cyril Hanouna : absent d\u2019Europe 1, il annonce une triste nouvelle sur son fils&nbsp;&nbsp;T\u00e9l\u00e9 Star&hellip;\n","protected":false},"author":2,"featured_media":190455,"comment_status":"","ping_status":"","sticky":false,"template":"","format":"standard","meta":{"footnotes":""},"categories":[8],"tags":[548,1083,58,59,1011,27],"class_list":{"0":"post-190454","1":"post","2":"type-post","3":"status-publish","4":"format-standard","5":"has-post-thumbnail","7":"category-divertissement","8":"tag-article-simple","9":"tag-cyril-hanouna","10":"tag-divertissement","11":"tag-entertainment","12":"tag-fr","13":"tag-france"},"share_on_mastodon":{"url":"https:\/\/pubeurope.com\/@fr\/114714665649386053","error":""},"_links":{"self":[{"href":"https:\/\/www.europesays.com\/fr\/wp-json\/wp\/v2\/posts\/190454","targetHints":{"allow":["GET"]}}],"collection":[{"href":"https:\/\/www.europesays.com\/fr\/wp-json\/wp\/v2\/posts"}],"about":[{"href":"https:\/\/www.europesays.com\/fr\/wp-json\/wp\/v2\/types\/post"}],"author":[{"embeddable":true,"href":"https:\/\/www.europesays.com\/fr\/wp-json\/wp\/v2\/users\/2"}],"replies":[{"embeddable":true,"href":"https:\/\/www.europesays.com\/fr\/wp-json\/wp\/v2\/comments?post=190454"}],"version-history":[{"count":0,"href":"https:\/\/www.europesays.com\/fr\/wp-json\/wp\/v2\/posts\/190454\/revisions"}],"wp:featuredmedia":[{"embeddable":true,"href":"https:\/\/www.europesays.com\/fr\/wp-json\/wp\/v2\/media\/190455"}],"wp:attachment":[{"href":"https:\/\/www.europesays.com\/fr\/wp-json\/wp\/v2\/media?parent=190454"}],"wp:term":[{"taxonomy":"category","embeddable":true,"href":"https:\/\/www.europesays.com\/fr\/wp-json\/wp\/v2\/categories?post=190454"},{"taxonomy":"post_tag","embeddable":true,"href":"https:\/\/www.europesays.com\/fr\/wp-json\/wp\/v2\/tags?post=190454"}],"curies":[{"name":"wp","href":"https:\/\/api.w.org\/{rel}","templated":true}]}}