{"id":190460,"date":"2025-06-20T08:10:09","date_gmt":"2025-06-20T08:10:09","guid":{"rendered":"https:\/\/www.europesays.com\/fr\/190460\/"},"modified":"2025-06-20T08:10:09","modified_gmt":"2025-06-20T08:10:09","slug":"youporn-et-pornhub-reactives-en-france-par-leur-proprietaire","status":"publish","type":"post","link":"https:\/\/www.europesays.com\/fr\/190460\/","title":{"rendered":"Youporn et Pornhub r\u00e9activ\u00e9s en France par leur propri\u00e9taire"},"content":{"rendered":"<p>Quelques semaines apr\u00e8s leur mise hors ligne, plusieurs plateformes pornographiques accessibles depuis la France ont \u00e9t\u00e9 remises en service. En cause\u00a0: la suspension temporaire, par la justice administrative, d\u2019une mesure imposant une v\u00e9rification d\u2019\u00e2ge.<\/p>\n<p class=\"fig-paragraph\">Les sites Youporn, Pornhub et Redtube ont \u00e9t\u00e9 r\u00e9activ\u00e9s en France par leur propri\u00e9taire, apr\u00e8s la suspension par la justice fran\u00e7aise de l&rsquo;arr\u00eat\u00e9 imposant aux\u00a0<a href=\"http:\/\/www.lefigaro.fr\/secteur\/high-tech\/sites-porno-l-obligation-de-verifier-l-age-desormais-applicable-aux-geants-pornhub-ou-youporn-20250306\" target=\"_blank\" data-fig-type=\"NewsFlash\" rel=\"noopener nofollow\" data-gtm-custom-categorie=\"navigation\" data-gtm-custom-action=\"crossclick\" data-gtm-custom-label=\"Contextuel\" data-gtm-event=\"customEventSPE\" data-fig-domain=\"LEFIGARO\">plateformes pornographiques<\/a>\u00a0situ\u00e9es dans l&rsquo;Union europ\u00e9enne de v\u00e9rifier l&rsquo;\u00e2ge de leurs utilisateurs. La d\u00e9cision du tribunal administratif de Paris, qui a suspendu lundi l&rsquo;arr\u00eat\u00e9 dans l&rsquo;attente de voir s&rsquo;il \u00e9tait compatible avec le droit europ\u00e9en, \u00aboffre l&rsquo;occasion de reconsid\u00e9rer des approches plus efficaces\u00bb, explique un message sur la page d&rsquo;accueil des trois sites, qui appartiennent \u00e0 l&rsquo;entreprise Aylo.<\/p>\n<p class=\"fig-paragraph\">Le gouvernement fran\u00e7ais a pour sa part annonc\u00e9 son souhait de se pourvoir en cassation devant le Conseil d&rsquo;\u00c9tat. H\u00e9berg\u00e9 \u00e0 Chypre, Aylo avait rendu ses sites inaccessibles d\u00e9but juin pour protester contre la loi fran\u00e7aise de 2024 qui oblige les \u00e9diteurs de sites X \u00e0 mettre en place un syst\u00e8me d&rsquo;identification emp\u00eachant les mineurs d&rsquo;y acc\u00e9der, sous peine de sanctions du gendarme du num\u00e9rique et de l&rsquo;audiovisuel, l&rsquo;Arcom, pouvant aller jusqu&rsquo;au blocage.<\/p>\n<p class=\"fig-paragraph\">Selon la l\u00e9gislation fran\u00e7aise, ils doivent exiger l&rsquo;envoi d&rsquo;une photo ou d&rsquo;un document d&rsquo;identit\u00e9 par exemple, en proposant au moins une m\u00e9thode respectant le principe de double anonymat qui permet de prouver sa majorit\u00e9 sans divulguer son identit\u00e9. Aylo, qui revendique sept millions de visiteurs quotidiens en France sur ses diff\u00e9rentes plateformes, d\u00e9fend de son c\u00f4t\u00e9 une v\u00e9rification de l&rsquo;\u00e2ge au niveau des appareils et de leur syst\u00e8me d&rsquo;exploitation.<\/p>\n","protected":false},"excerpt":{"rendered":"Quelques semaines apr\u00e8s leur mise hors ligne, plusieurs plateformes pornographiques accessibles depuis la France ont \u00e9t\u00e9 remises en&hellip;\n","protected":false},"author":2,"featured_media":190461,"comment_status":"","ping_status":"","sticky":false,"template":"","format":"standard","meta":{"footnotes":""},"categories":[4],"tags":[11,317,1117,130,7064,638,1011,27,1116,342,639,12,2551,1118,24874,25,137],"class_list":{"0":"post-190460","1":"post","2":"type-post","3":"status-publish","4":"format-standard","5":"has-post-thumbnail","7":"category-france","8":"tag-actualites","9":"tag-age","10":"tag-assurance","11":"tag-consommation","12":"tag-consommer","13":"tag-figaro","14":"tag-fr","15":"tag-france","16":"tag-immobilier","17":"tag-impots","18":"tag-le-figaro","19":"tag-news","20":"tag-patrimoine","21":"tag-placement","22":"tag-pornographie","23":"tag-republique-francaise","24":"tag-retraite"},"share_on_mastodon":{"url":"https:\/\/pubeurope.com\/@fr\/114714681211951666","error":""},"_links":{"self":[{"href":"https:\/\/www.europesays.com\/fr\/wp-json\/wp\/v2\/posts\/190460","targetHints":{"allow":["GET"]}}],"collection":[{"href":"https:\/\/www.europesays.com\/fr\/wp-json\/wp\/v2\/posts"}],"about":[{"href":"https:\/\/www.europesays.com\/fr\/wp-json\/wp\/v2\/types\/post"}],"author":[{"embeddable":true,"href":"https:\/\/www.europesays.com\/fr\/wp-json\/wp\/v2\/users\/2"}],"replies":[{"embeddable":true,"href":"https:\/\/www.europesays.com\/fr\/wp-json\/wp\/v2\/comments?post=190460"}],"version-history":[{"count":0,"href":"https:\/\/www.europesays.com\/fr\/wp-json\/wp\/v2\/posts\/190460\/revisions"}],"wp:featuredmedia":[{"embeddable":true,"href":"https:\/\/www.europesays.com\/fr\/wp-json\/wp\/v2\/media\/190461"}],"wp:attachment":[{"href":"https:\/\/www.europesays.com\/fr\/wp-json\/wp\/v2\/media?parent=190460"}],"wp:term":[{"taxonomy":"category","embeddable":true,"href":"https:\/\/www.europesays.com\/fr\/wp-json\/wp\/v2\/categories?post=190460"},{"taxonomy":"post_tag","embeddable":true,"href":"https:\/\/www.europesays.com\/fr\/wp-json\/wp\/v2\/tags?post=190460"}],"curies":[{"name":"wp","href":"https:\/\/api.w.org\/{rel}","templated":true}]}}