{"id":190464,"date":"2025-06-20T08:12:13","date_gmt":"2025-06-20T08:12:13","guid":{"rendered":"https:\/\/www.europesays.com\/fr\/190464\/"},"modified":"2025-06-20T08:12:13","modified_gmt":"2025-06-20T08:12:13","slug":"nos-idees-sorties-du-week-end-des-27-28-et-29-juin-2025-dans-la-loire","status":"publish","type":"post","link":"https:\/\/www.europesays.com\/fr\/190464\/","title":{"rendered":"Nos id\u00e9es sorties du week-end des 27, 28 et 29 juin 2025 dans la Loire"},"content":{"rendered":"<p class=\"is-style-chapo\">Voici la s\u00e9lection de la r\u00e9daction de If Saint-Etienne pour se divertir et s\u2019amuser dans la Loire le week-end prochain, soit les 27, 28 et 29 juin. Une liste d\u2019\u00e9v\u00e9nements, s\u00e9lectionn\u00e9s de mani\u00e8re ind\u00e9pendante et, bien entendu, non-exhaustive.<\/p>\n<p><img loading=\"lazy\" decoding=\"async\" width=\"1024\" height=\"576\" src=\"https:\/\/www.europesays.com\/fr\/wp-content\/uploads\/2025\/06\/clothes-816033_1280-1024x576.jpg\" alt=\"\" class=\"wp-image-71868\"  \/><\/p>\n<p>1 \u2013 Ligne de rire<\/p>\n<p>Vendredi 27 juin \u00e0 Saint-Etienne, <a href=\"https:\/\/www.comedietriomphe.fr\/events\/la-team-du-jeudi-fait-son-show-2\/\" target=\"_blank\" rel=\"noreferrer noopener\">la Team du jeudi<\/a> remonte sur la sc\u00e8ne du Triomphe \u00e0 21h. Une \u00e9quipe d\u2019amateurs inscrits au cours d\u2019humour de la Com\u00e9die, et qui va vous proposer ses propres sketchs avec pour seule mission, vous faire rire.<\/p>\n<p>2 \u2013 A l\u2019\u00e8re m\u00e9di\u00e9vale<\/p>\n<p>Samedi 28 juin, dans le cadre du festival <a href=\"https:\/\/www.loire.fr\/jcms\/lw_1465853\/en\/un-ete-sous-le-signe-de-cluny\" target=\"_blank\" rel=\"noreferrer noopener\">Cluny en Loire<\/a>, la commune de <a href=\"https:\/\/www.if-saint-etienne.fr\/breves\/patrimoine-mondial-de-lunesco-pommiers-en-forez-et-charlieu-en-cartes-de-visite\" target=\"_blank\" rel=\"noreferrer noopener\">Pouilly-les-Feurs<\/a> organise une visite nocturne du village aux flambeaux, avec des guides en costumes m\u00e9di\u00e9vaux. Depuis la cour du prieur\u00e9, les ombres des vieilles pierres se r\u00e9veillent, et les murmures d\u2019antan reprennent vie.<\/p>\n<p>3 \u2013 Une toile<\/p>\n<p>Comme chaque ann\u00e9e, la Ville de <a href=\"https:\/\/www.saint-etienne.fr\/\" target=\"_blank\" rel=\"noreferrer noopener\">Saint-Etienne<\/a> organise une quinzaine de projections gratuites et en plein air dans toute la ville. Vendredi 27 juin, de 21h45 \u00e0 23h15n le film d\u2019animation \u00ab\u00a0Les voisins de mes voisins sont mes voisins\u00a0\u00bb, de L\u00e9o Marchand et Anne-Laure Daffis, sera projet\u00e9 place Jean et Hippolyte Vial. Il retrace les destins entrem\u00eal\u00e9s de dix voisins.<\/p>\n<p>4 \u2013 La fripe, c\u2019est chic<\/p>\n<p>Dans le cadre du week-end Mode and broc de la <a href=\"https:\/\/www.if-saint-etienne.fr\/culture-loisirs\/la-biennale-du-design-renoue-avec-ses-premieres-amours\" target=\"_blank\" rel=\"noreferrer noopener\">Biennale<\/a> en f\u00eate, un grand vide-dressing vintage est organis\u00e9 \u00e0 la Cit\u00e9 du design samedi 28 juin, de 11h \u00e0 19h. Sur place, des food trucks seront install\u00e9s pour vous proposer des boissons et une offre de restauration sucr\u00e9e et sal\u00e9e.<\/p>\n<p>5 \u2013 100 % vert<\/p>\n<p>La Ville de Roanne revient pour une nouvelle \u00e9dition de son op\u00e9ration <a href=\"https:\/\/www.aggloroanne.fr\/ma-collectivite\/sante-et-prevention\/100-plaisir-100-sante-2430.html\" target=\"_blank\" rel=\"noreferrer noopener\">100 % plaisir 100 % sant\u00e9<\/a>, qui vise \u00e0 sensibiliser le public aux enjeux de sant\u00e9, d\u2019environnement et de d\u00e9veloppement durable. De nombreuses animations sont organis\u00e9es de 10h \u00e0 18h, dont une visite comment\u00e9e du jardin partag\u00e9 des 3 cabanes, ou une d\u00e9gustation \u00e0 base de restes du frigo au jardin Pralus.<\/p>\n","protected":false},"excerpt":{"rendered":"Voici la s\u00e9lection de la r\u00e9daction de If Saint-Etienne pour se divertir et s\u2019amuser dans la Loire le&hellip;\n","protected":false},"author":2,"featured_media":166111,"comment_status":"","ping_status":"","sticky":false,"template":"","format":"standard","meta":{"footnotes":""},"categories":[9653],"tags":[14428,1111,11,2430,24097,1777,674,1011,27,14429,12,14430,25,4001,1669,14431],"class_list":{"0":"post-190464","1":"post","2":"type-post","3":"status-publish","4":"format-standard","5":"has-post-thumbnail","7":"category-saint-etienne","8":"tag-activites-week-end-loire","9":"tag-actu","10":"tag-actualites","11":"tag-auvergne-rhone-alpes","12":"tag-biennale-internationale-design-saint-etienne-2025","13":"tag-eu","14":"tag-europe","15":"tag-fr","16":"tag-france","17":"tag-idees-sorties-loire","18":"tag-news","19":"tag-recreatif","20":"tag-republique-francaise","21":"tag-saint-etienne","22":"tag-sorties","23":"tag-week-ends"},"share_on_mastodon":{"url":"https:\/\/pubeurope.com\/@fr\/114714689603781902","error":""},"_links":{"self":[{"href":"https:\/\/www.europesays.com\/fr\/wp-json\/wp\/v2\/posts\/190464","targetHints":{"allow":["GET"]}}],"collection":[{"href":"https:\/\/www.europesays.com\/fr\/wp-json\/wp\/v2\/posts"}],"about":[{"href":"https:\/\/www.europesays.com\/fr\/wp-json\/wp\/v2\/types\/post"}],"author":[{"embeddable":true,"href":"https:\/\/www.europesays.com\/fr\/wp-json\/wp\/v2\/users\/2"}],"replies":[{"embeddable":true,"href":"https:\/\/www.europesays.com\/fr\/wp-json\/wp\/v2\/comments?post=190464"}],"version-history":[{"count":0,"href":"https:\/\/www.europesays.com\/fr\/wp-json\/wp\/v2\/posts\/190464\/revisions"}],"wp:featuredmedia":[{"embeddable":true,"href":"https:\/\/www.europesays.com\/fr\/wp-json\/wp\/v2\/media\/166111"}],"wp:attachment":[{"href":"https:\/\/www.europesays.com\/fr\/wp-json\/wp\/v2\/media?parent=190464"}],"wp:term":[{"taxonomy":"category","embeddable":true,"href":"https:\/\/www.europesays.com\/fr\/wp-json\/wp\/v2\/categories?post=190464"},{"taxonomy":"post_tag","embeddable":true,"href":"https:\/\/www.europesays.com\/fr\/wp-json\/wp\/v2\/tags?post=190464"}],"curies":[{"name":"wp","href":"https:\/\/api.w.org\/{rel}","templated":true}]}}