{"id":19047,"date":"2025-04-12T04:25:13","date_gmt":"2025-04-12T04:25:13","guid":{"rendered":"https:\/\/www.europesays.com\/fr\/19047\/"},"modified":"2025-04-12T04:25:13","modified_gmt":"2025-04-12T04:25:13","slug":"les-controles-vont-se-multiplier-14-morts-sur-les-routes-au-1er-trimestre-en-ille-et-vilaine","status":"publish","type":"post","link":"https:\/\/www.europesays.com\/fr\/19047\/","title":{"rendered":"\u00ab\u00a0Les contr\u00f4les vont se multiplier\u00a0\u00bb\u00a0: 14 morts sur les routes au 1er trimestre en Ille-et-Vilaine"},"content":{"rendered":"<p>En Bretagne comme en Ille-et-Vilaine, les chiffres des accidents sur les routes ne sont pas bons. Sur les trois premiers mois, 14 personnes ont perdu la vie sur les routes br\u00e9tilliennes dont 12 en zone gendarmerie. Cela correspond \u00e0 une hausse de 40 % par rapport au premier trimestre 2024. Pour tenter d\u2019inverser cette tendance, les gendarmes vont multiplier les contr\u00f4les. C\u2019\u00e9tait le cas ce vendredi en fin d\u2019apr\u00e8s-midi. Une dizaine de contr\u00f4les \u00e9taient organis\u00e9s simultan\u00e9ment dans le d\u00e9partement. Au programme : papiers, alcool\u00e9mie, vitesse, stup\u00e9fiants.<\/p>\n<p>La vitesse premi\u00e8re cause d\u2019accident<\/p>\n<p>\u00ab La m\u00e9t\u00e9o a \u00e9t\u00e9 meilleure que l\u2019an dernier, explique Pierre Larrey, secr\u00e9taire g\u00e9n\u00e9ral de la pr\u00e9fecture. On constate que les automobilistes roulent \u00e0 des vitesses excessives. Les alcool\u00e9mies aussi peuvent \u00eatre importantes. Souvent les motards et les cyclistes paient un lourd tribut \u00e0 ce manque de vigilance. \u00bb<\/p>\n<p>L\u2019an dernier pourtant le pr\u00e9fet avait d\u00e9j\u00e0 durci les mesures de suspension de permis de conduire. \u00ab Dans un quart des accidents mortels, l\u2019alcool est en jeu \u00bb, ajoute Patrice Ganzin, colonel en second du groupement de gendarmerie d\u2019Ille-et-Vilaine. Ensuite la cause principale des accidents, c\u2019est la vitesse, puis l\u2019inattention, et les r\u00e8gles de priorit\u00e9. L\u2019alcool ne vient qu\u2019apr\u00e8s. Par contre, il est un facteur dans un quart des accidents mortels.<\/p>\n<p><img decoding=\"async\" src=\"https:\/\/www.europesays.com\/fr\/wp-content\/uploads\/2025\/04\/67f94dbb10991bbe85081562.1.jpeg\" width=\"480\" height=\"300\" class=\"web_golden_m\" loading=\"lazy\" alt=\"Un test de d\u00e9pistage de drogues\u00a0: cannabis, coca\u00efne, amph\u00e9tamines, opio\u00efdes,\u00a0etc..\"\/>Un test de d\u00e9pistage de drogues\u00a0: cannabis, coca\u00efne, amph\u00e9tamines, opio\u00efdes,\u00a0etc.. (Le T\u00e9l\u00e9gramme\/Claire Staes)<\/p>\n","protected":false},"excerpt":{"rendered":"En Bretagne comme en Ille-et-Vilaine, les chiffres des accidents sur les routes ne sont pas bons. Sur les&hellip;\n","protected":false},"author":2,"featured_media":19048,"comment_status":"","ping_status":"","sticky":false,"template":"","format":"standard","meta":{"footnotes":""},"categories":[2821],"tags":[1111,11,829,765,1777,674,118,3383,1011,27,12,584,25],"class_list":{"0":"post-19047","1":"post","2":"type-post","3":"status-publish","4":"format-standard","5":"has-post-thumbnail","7":"category-rennes","8":"tag-actu","9":"tag-actualites","10":"tag-bretagne","11":"tag-en-continu","12":"tag-eu","13":"tag-europe","14":"tag-faits-divers","15":"tag-faits-divers-a-rennes","16":"tag-fr","17":"tag-france","18":"tag-news","19":"tag-rennes","20":"tag-republique-francaise"},"share_on_mastodon":{"url":"https:\/\/pubeurope.com\/@fr\/114323097152765394","error":""},"_links":{"self":[{"href":"https:\/\/www.europesays.com\/fr\/wp-json\/wp\/v2\/posts\/19047","targetHints":{"allow":["GET"]}}],"collection":[{"href":"https:\/\/www.europesays.com\/fr\/wp-json\/wp\/v2\/posts"}],"about":[{"href":"https:\/\/www.europesays.com\/fr\/wp-json\/wp\/v2\/types\/post"}],"author":[{"embeddable":true,"href":"https:\/\/www.europesays.com\/fr\/wp-json\/wp\/v2\/users\/2"}],"replies":[{"embeddable":true,"href":"https:\/\/www.europesays.com\/fr\/wp-json\/wp\/v2\/comments?post=19047"}],"version-history":[{"count":0,"href":"https:\/\/www.europesays.com\/fr\/wp-json\/wp\/v2\/posts\/19047\/revisions"}],"wp:featuredmedia":[{"embeddable":true,"href":"https:\/\/www.europesays.com\/fr\/wp-json\/wp\/v2\/media\/19048"}],"wp:attachment":[{"href":"https:\/\/www.europesays.com\/fr\/wp-json\/wp\/v2\/media?parent=19047"}],"wp:term":[{"taxonomy":"category","embeddable":true,"href":"https:\/\/www.europesays.com\/fr\/wp-json\/wp\/v2\/categories?post=19047"},{"taxonomy":"post_tag","embeddable":true,"href":"https:\/\/www.europesays.com\/fr\/wp-json\/wp\/v2\/tags?post=19047"}],"curies":[{"name":"wp","href":"https:\/\/api.w.org\/{rel}","templated":true}]}}