{"id":190475,"date":"2025-06-20T08:18:18","date_gmt":"2025-06-20T08:18:18","guid":{"rendered":"https:\/\/www.europesays.com\/fr\/190475\/"},"modified":"2025-06-20T08:18:18","modified_gmt":"2025-06-20T08:18:18","slug":"violente-intrusion-dans-une-villa-la-proprietaire-rouee-de-coups-blessee-et-depouillee","status":"publish","type":"post","link":"https:\/\/www.europesays.com\/fr\/190475\/","title":{"rendered":"violente intrusion dans une villa, la propri\u00e9taire rou\u00e9e de coups, bless\u00e9e et d\u00e9pouill\u00e9e"},"content":{"rendered":"<p>            Par<br \/>\n        <strong><br \/>\n            <a href=\"https:\/\/actu.fr\/auteur\/jm-aubert\" title=\"Consulter tous les articles de Jean-Marc Aubert\" target=\"_blank\" rel=\"noopener\">Jean-Marc Aubert<\/a><br \/>\n        <\/strong><\/p>\n<p>        Publi\u00e9 le<\/p>\n<p>            20 juin 2025 \u00e0 9h26        <\/p>\n<p>La propri\u00e9taire d\u2019une villa \u00e2g\u00e9e d\u2019une trentaine d\u2019ann\u00e9es a \u00e9t\u00e9 violemment agress\u00e9e et d\u00e9pouill\u00e9e, en cette nuit de jeudi 19 \u00e0 ce vendredi 20 juin 2025, \u00e0 <strong>Montpellier<\/strong>, lors d\u2019une intrusion. Elle a \u00e9t\u00e9 rou\u00e9e de coups et bless\u00e9e par les agresseurs. Ils sont en fuite.<\/p>\n<p class=\" wall-content\">Il \u00e9tait environ 1h, la nuit derni\u00e8re, quand la propri\u00e9taire de ce pavillon situ\u00e9 dans le quartier des Hauts de Massane, \u00e0 la p\u00e9riph\u00e9rie nord de la cit\u00e9 de la Mosson s\u2019est r\u00e9veill\u00e9e en sursaut, lorsqu\u2019elle a entendu des bruits suspects.<\/p>\n<p>    <a href=\"https:\/\/www.google.com\/maps\/embed?pb=!1m18!1m12!1m3!1d24192.887183495903!2d3.8060473918164854!3d43.636781045618015!2m3!1f0!2f0!3f0!3m2!1i1024!2i768!4f13.1!3m3!1m2!1s0x12b6ac1a262389cf%3A0x7e3e3c30dc2846bf!2sLes%20Hauts%20de%20Massane%2C%20Montpellier!5e0!3m2!1sfr!2sfr!4v1750404186867!5m2!1sfr!2sfr\" title=\"Ouvrie le lien\" target=\"_blank\" rel=\"noopener\">Cliquez ici pour visualiser le contenu<\/a><\/p>\n<p class=\" wall-content\">Alors qu\u2019elle s\u2019appr\u00eatait \u00e0 aller v\u00e9rifier l\u2019origine de ces bruits, la porte de sa chambre s\u2019ouvrait brusquement et des individus surgissaient, au moins deux selon elle, qui impuissante \u00e9tait rou\u00e9e de coups.<\/p>\n<p class=\" wall-content\">Les inconnus, des jeunes selon elle, se sont empar\u00e9s d\u2019une somme d\u2019argent, de ses bijoux, de son t\u00e9l\u00e9phone portable et d\u2019autres objets faciles \u00e0 emporter \u00e0 pied. La victime a donn\u00e9 l\u2019alerte et a \u00e9t\u00e9 secourue par les sapeurs-pompiers du<strong> Sdis 34<\/strong> et transport\u00e9e aux urgences de l\u2019h\u00f4pital Lapeyronie, bless\u00e9e notamment \u00e0 la t\u00eate et en \u00e9tat de choc.<\/p>\n<p>Vid\u00e9os : en ce moment sur Actu<\/p>\n<p class=\" wall-content\">Des policiers nationaux \u00e9taient \u00e9galement sur place au CHU pour entendre bri\u00e8vement la victime dans le cadre d\u2019une enqu\u00eate confi\u00e9e <strong>au Service local de police judiciaire<\/strong>, le Slpj. Selon nos informations, des intrusions dans des domiciles dans des circonstances identiques que celle de la nuit aux Hauts de Massane sont enregistr\u00e9es depuis ces derniers mois \u00e0 Montpellier et dans des communes alentour, comme \u00e0 Grabels, Saint-G\u00e9ly-du-Fesc ou encore \u00e0 Lav\u00e9rune, avec des enqu\u00eates de gendarmerie en cours. Les auteurs qui op\u00e8rent le visage encagoul\u00e9 pourraient faire partie d\u2019une m\u00eame bande violente.<\/p>\n<p class=\" wall-content\">Suivez toute l\u2019actualit\u00e9 de vos villes et m\u00e9dias favoris en vous inscrivant \u00e0 <a href=\"https:\/\/moncompte.actu.fr\" title=\"D\u00e9couvez Mon Actu\" rel=\"nofollow noopener\" data-trk=\"{&quot;cta&quot;:{&quot;action&quot;:&quot;https:\\\/\\\/moncompte.actu.fr&quot;,&quot;category&quot;:&quot;mon compte&quot;,&quot;from&quot;:&quot;article footer&quot;,&quot;name&quot;:&quot;Mon actu&quot;,&quot;type&quot;:&quot;cta&quot;}}\" target=\"_blank\">Mon Actu<\/a>.<\/p>\n","protected":false},"excerpt":{"rendered":"Par Jean-Marc Aubert Publi\u00e9 le 20 juin 2025 \u00e0 9h26 La propri\u00e9taire d\u2019une villa \u00e2g\u00e9e d\u2019une trentaine d\u2019ann\u00e9es&hellip;\n","protected":false},"author":2,"featured_media":190476,"comment_status":"","ping_status":"","sticky":false,"template":"","format":"standard","meta":{"footnotes":""},"categories":[9599],"tags":[1111,11,15154,1777,674,118,1011,27,303,2208,12,2680,1072,25],"class_list":{"0":"post-190475","1":"post","2":"type-post","3":"status-publish","4":"format-standard","5":"has-post-thumbnail","7":"category-montpellier","8":"tag-actu","9":"tag-actualites","10":"tag-chu-de-montpellier","11":"tag-eu","12":"tag-europe","13":"tag-faits-divers","14":"tag-fr","15":"tag-france","16":"tag-justice","17":"tag-montpellier","18":"tag-news","19":"tag-occitanie","20":"tag-police","21":"tag-republique-francaise"},"share_on_mastodon":{"url":"https:\/\/pubeurope.com\/@fr\/114714713035519045","error":""},"_links":{"self":[{"href":"https:\/\/www.europesays.com\/fr\/wp-json\/wp\/v2\/posts\/190475","targetHints":{"allow":["GET"]}}],"collection":[{"href":"https:\/\/www.europesays.com\/fr\/wp-json\/wp\/v2\/posts"}],"about":[{"href":"https:\/\/www.europesays.com\/fr\/wp-json\/wp\/v2\/types\/post"}],"author":[{"embeddable":true,"href":"https:\/\/www.europesays.com\/fr\/wp-json\/wp\/v2\/users\/2"}],"replies":[{"embeddable":true,"href":"https:\/\/www.europesays.com\/fr\/wp-json\/wp\/v2\/comments?post=190475"}],"version-history":[{"count":0,"href":"https:\/\/www.europesays.com\/fr\/wp-json\/wp\/v2\/posts\/190475\/revisions"}],"wp:featuredmedia":[{"embeddable":true,"href":"https:\/\/www.europesays.com\/fr\/wp-json\/wp\/v2\/media\/190476"}],"wp:attachment":[{"href":"https:\/\/www.europesays.com\/fr\/wp-json\/wp\/v2\/media?parent=190475"}],"wp:term":[{"taxonomy":"category","embeddable":true,"href":"https:\/\/www.europesays.com\/fr\/wp-json\/wp\/v2\/categories?post=190475"},{"taxonomy":"post_tag","embeddable":true,"href":"https:\/\/www.europesays.com\/fr\/wp-json\/wp\/v2\/tags?post=190475"}],"curies":[{"name":"wp","href":"https:\/\/api.w.org\/{rel}","templated":true}]}}