{"id":190490,"date":"2025-06-20T08:29:09","date_gmt":"2025-06-20T08:29:09","guid":{"rendered":"https:\/\/www.europesays.com\/fr\/190490\/"},"modified":"2025-06-20T08:29:09","modified_gmt":"2025-06-20T08:29:09","slug":"affaire-du-parking-vauban-de-nice-un-opposant-saisit-le-procureur-de-la-republique-et-demande-la-tete-de-ladjoint-de-chroistian-estrosi-en-charge-du-dossier","status":"publish","type":"post","link":"https:\/\/www.europesays.com\/fr\/190490\/","title":{"rendered":"Affaire du parking Vauban de Nice: un opposant saisit le procureur de la R\u00e9publique et demande la t\u00eate de l\u2018adjoint de Chroistian Estrosi en charge du dossier"},"content":{"rendered":"<p>Le tribunal administratif n\u2019aura pas \u00e0 se pencher sur le march\u00e9 du parking Vauban, comme il l\u2019avait fait sur la commande d\u2019une statue de Jeanne d\u2019Arc pour orner le parking du quartier Borriglione inaugur\u00e9 \u00e0 l\u2019automne 2024. D\u2019elle-m\u00eame,<a href=\"https:\/\/www.nicematin.com\/justice\/marche-du-parking-vauban-annule-on-a-fait-une-erreur-reconnait-un-adjoint-du-maire-de-nice-990888\" rel=\"nofollow noopener\" target=\"_blank\"> la r\u00e9gie m\u00e9tropolitaine Parcs d\u2019Azur (RPA) a annul\u00e9 ce contrat public de construction apr\u00e8s que la pr\u00e9fecture a relev\u00e9 des \u00ab\u00a0ill\u00e9galit\u00e9s substantielles\u00a0\u00bb<\/a> dans la proc\u00e9dure. Mais la justice pourrait malgr\u00e9 tout \u00eatre amen\u00e9e \u00e0 s\u2019y int\u00e9resser. L\u2019opposant Jean-Christophe Picard annonce, dans un communiqu\u00e9, qu\u2019il vient de faire un signalement au procureur de la R\u00e9publique.<\/p>\n<p>\u00ab\u00a0La r\u00e9gie Parcs d\u2019Azur, pr\u00e9sid\u00e9e par Ga\u00ebl Nofri, a attribu\u00e9, le 1 avril 2025, le march\u00e9 de construction du parking Vauban pour un montant de 7.580.000 euros, \u00e0 l\u2019entreprise Fayat B\u00e2timent, \u00e9crit l\u2019\u00e9lu d\u2019opposition du groupe \u00e9cologiste \u00e0 la Ville et \u00e0 la M\u00e9tropole. Or, dans le cadre du contr\u00f4le de l\u00e9galit\u00e9, le pr\u00e9fet des Alpes-Maritimes a d\u00e9f\u00e9r\u00e9 ce march\u00e9 devant la justice administrative au motif que des \u00ab ill\u00e9galit\u00e9s substantielles\u00a0\u00bb avaient \u00e9t\u00e9 d\u00e9cel\u00e9es. Il est \u00e0 noter que la r\u00e9gie Parcs d\u2019Azur a r\u00e9sili\u00e9 ce march\u00e9 avant l\u2019audience\u2026 \u00bb<\/p>\n<p><strong>\u00ab\u00a0La r\u00e9currence de ces erreurs grossi\u00e8res est consternante\u00a0\u00bb<\/strong><\/p>\n<p>\u00ab\u00a0Ce fiasco va in\u00e9vitablement engendrer plusieurs mois de retard dans la livraison de l\u2019\u00e9quipement et conduire \u00e0 l\u2019indemnisation de l\u2019entreprise retenue, qui avait commenc\u00e9 les travaux. Ce n\u2019est pas la premi\u00e8re bourde de ce type commise par RPA\u2026 Le 14 janvier dernier, le tribunal administratif de Nice avait annul\u00e9 le march\u00e9 portant sur la r\u00e9alisation de la statue de Jeanne d\u2019Arc pour un montant de 170.000 euros, en raison d\u2019un \u2018\u2018vice d\u2019une particuli\u00e8re gravit\u00e9\u2019\u2019.\u00a0\u00bb<\/p>\n<p>\u00ab\u00a0La r\u00e9currence de ces erreurs grossi\u00e8res, tance encore l\u2019\u00e9lu d\u2019opposition, est consternante. Comme je l\u2019avais fait dans l\u2019affaire de la statue de Jeanne d\u2019Arc, j\u2019ai saisi le procureur de la R\u00e9publique de Nice puisque des \u00ab\u00a0ill\u00e9galit\u00e9s substantielles\u00a0\u00bb ont \u00e9t\u00e9 constat\u00e9es dans le march\u00e9 de construction du parking Vauban. Au regard des dysfonctionnements persistants, j\u2019ai \u00e9galement saisi la chambre r\u00e9gionale des comptes; il semble opportun que cette juridiction contr\u00f4le sans tarder la gestion de RPA (comme elle vient de la faire pour le GIP Grand Prix).\u00a0\u00bb<\/p>\n<p>Et Jean-Christophe Picard de demander la t\u00eate de l\u2019adjoint au maire de Nice d\u00e9l\u00e9gu\u00e9 au Stationnement, qui \u00e0 ce titre assure la pr\u00e9sidence de RPA: \u00ab\u00a0Dans ce contexte, le maintien de M. Nofri dans ses fonctions de pr\u00e9sident de RPA est inexplicable.\u00a0\u00bb.<\/p>\n","protected":false},"excerpt":{"rendered":"Le tribunal administratif n\u2019aura pas \u00e0 se pencher sur le march\u00e9 du parking Vauban, comme il l\u2019avait fait&hellip;\n","protected":false},"author":2,"featured_media":190491,"comment_status":"","ping_status":"","sticky":false,"template":"","format":"standard","meta":{"footnotes":""},"categories":[2819],"tags":[1111,11,1777,674,1011,27,303,12,2401,316,882,25],"class_list":{"0":"post-190490","1":"post","2":"type-post","3":"status-publish","4":"format-standard","5":"has-post-thumbnail","7":"category-nice","8":"tag-actu","9":"tag-actualites","10":"tag-eu","11":"tag-europe","12":"tag-fr","13":"tag-france","14":"tag-justice","15":"tag-news","16":"tag-nice","17":"tag-politique","18":"tag-provence-alpes-cote-dazur","19":"tag-republique-francaise"},"share_on_mastodon":{"url":"https:\/\/pubeurope.com\/@fr\/114714755974826977","error":""},"_links":{"self":[{"href":"https:\/\/www.europesays.com\/fr\/wp-json\/wp\/v2\/posts\/190490","targetHints":{"allow":["GET"]}}],"collection":[{"href":"https:\/\/www.europesays.com\/fr\/wp-json\/wp\/v2\/posts"}],"about":[{"href":"https:\/\/www.europesays.com\/fr\/wp-json\/wp\/v2\/types\/post"}],"author":[{"embeddable":true,"href":"https:\/\/www.europesays.com\/fr\/wp-json\/wp\/v2\/users\/2"}],"replies":[{"embeddable":true,"href":"https:\/\/www.europesays.com\/fr\/wp-json\/wp\/v2\/comments?post=190490"}],"version-history":[{"count":0,"href":"https:\/\/www.europesays.com\/fr\/wp-json\/wp\/v2\/posts\/190490\/revisions"}],"wp:featuredmedia":[{"embeddable":true,"href":"https:\/\/www.europesays.com\/fr\/wp-json\/wp\/v2\/media\/190491"}],"wp:attachment":[{"href":"https:\/\/www.europesays.com\/fr\/wp-json\/wp\/v2\/media?parent=190490"}],"wp:term":[{"taxonomy":"category","embeddable":true,"href":"https:\/\/www.europesays.com\/fr\/wp-json\/wp\/v2\/categories?post=190490"},{"taxonomy":"post_tag","embeddable":true,"href":"https:\/\/www.europesays.com\/fr\/wp-json\/wp\/v2\/tags?post=190490"}],"curies":[{"name":"wp","href":"https:\/\/api.w.org\/{rel}","templated":true}]}}