{"id":190494,"date":"2025-06-20T08:31:10","date_gmt":"2025-06-20T08:31:10","guid":{"rendered":"https:\/\/www.europesays.com\/fr\/190494\/"},"modified":"2025-06-20T08:31:10","modified_gmt":"2025-06-20T08:31:10","slug":"le-trafic-sncf-est-tres-perturbe-entre-nantes-et-savenay-apres-un-incendie","status":"publish","type":"post","link":"https:\/\/www.europesays.com\/fr\/190494\/","title":{"rendered":"Le trafic SNCF est tr\u00e8s perturb\u00e9 entre Nantes et Savenay apr\u00e8s un incendie"},"content":{"rendered":"<p>            Par<br \/>\n        <strong><br \/>\n            <a href=\"https:\/\/actu.fr\/auteur\/thomas-bernard\" title=\"Consulter tous les articles de Thomas Bernard\" target=\"_blank\" rel=\"noopener\">Thomas Bernard<\/a><br \/>\n        <\/strong><\/p>\n<p>        Publi\u00e9 le<\/p>\n<p>            20 juin 2025 \u00e0 10h15        <\/p>\n<p>Aux alentours de 19h40, ce jeudi 19\u00a0juin 2025, un incendie a impact\u00e9 une installation \u00e9lectrique situ\u00e9e aux abords de la voie ferroviaire \u00e0 <a href=\"https:\/\/actu.fr\/pays-de-la-loire\/coueron_44047\" target=\"_blank\" rel=\"noopener\">Cou\u00ebron<\/a>, \u00e0 l\u2019ouest de Nantes. Le feu a provoqu\u00e9 de nombreux d\u00e9g\u00e2ts <strong>impactant le trafic des trains sur la ligne Nantes-Savenay<\/strong>.<\/p>\n<p class=\" wall-content\">\u00ab\u2009Pour l\u2019heure, les causes de l\u2019accident ne sont pas d\u00e9termin\u00e9es mais la chaleur pourrait en \u00eatre \u00e0 l\u2019origine\u2009\u00bb, indique la SNCF, contact\u00e9e par <a href=\"https:\/\/actu.fr\/nantes\/\" target=\"_blank\" rel=\"noopener\">actu Nantes<\/a>.<\/p>\n<p>Une circulation d\u00e9grad\u00e9e<\/p>\n<p class=\" wall-content\">Ce vendredi 20\u00a0juin 2025, <strong>le trafic des trains entre Nantes et Savenay est fortement perturb\u00e9<\/strong>. Une fr\u00e9quence d\u2019un train par heure, dans les deux sens de circulation, est pr\u00e9vue aujourd\u2019hui. \u00ab\u2009Les trains circulent mais de fa\u00e7on d\u00e9grad\u00e9e\u2009\u00bb, indique la SNCF.<\/p>\n<p class=\" wall-content\">\n<p class=\" wall-content\">\u00c0 l\u2019heure actuelle, la SNCF <strong>ignore la date du retour \u00e0 la normale du trafic<\/strong>. \u00ab\u2009Des travaux importants sont \u00e0 pr\u00e9voir car l\u2019incendie a touch\u00e9 des installations \u00e9lectriques\u2009\u00bb, informe la SNCF.<\/p>\n<p class=\" wall-content\">Suivez toute l\u2019actualit\u00e9 de vos villes et m\u00e9dias favoris en vous inscrivant \u00e0 <a href=\"https:\/\/moncompte.actu.fr\" title=\"D\u00e9couvez Mon Actu\" rel=\"nofollow noopener\" data-trk=\"{&quot;cta&quot;:{&quot;action&quot;:&quot;https:\\\/\\\/moncompte.actu.fr&quot;,&quot;category&quot;:&quot;mon compte&quot;,&quot;from&quot;:&quot;article footer&quot;,&quot;name&quot;:&quot;Mon actu&quot;,&quot;type&quot;:&quot;cta&quot;}}\" target=\"_blank\">Mon Actu<\/a>.<\/p>\n","protected":false},"excerpt":{"rendered":"Par Thomas Bernard Publi\u00e9 le 20 juin 2025 \u00e0 10h15 Aux alentours de 19h40, ce jeudi 19\u00a0juin 2025,&hellip;\n","protected":false},"author":2,"featured_media":190495,"comment_status":"","ping_status":"","sticky":false,"template":"","format":"standard","meta":{"footnotes":""},"categories":[2818],"tags":[1111,11,1777,674,1011,27,1310,766,12,2636,25,2215,104],"class_list":{"0":"post-190494","1":"post","2":"type-post","3":"status-publish","4":"format-standard","5":"has-post-thumbnail","7":"category-nantes","8":"tag-actu","9":"tag-actualites","10":"tag-eu","11":"tag-europe","12":"tag-fr","13":"tag-france","14":"tag-incendie","15":"tag-nantes","16":"tag-news","17":"tag-pays-de-la-loire","18":"tag-republique-francaise","19":"tag-sncf","20":"tag-societe"},"share_on_mastodon":{"url":"https:\/\/pubeurope.com\/@fr\/114714763805431392","error":""},"_links":{"self":[{"href":"https:\/\/www.europesays.com\/fr\/wp-json\/wp\/v2\/posts\/190494","targetHints":{"allow":["GET"]}}],"collection":[{"href":"https:\/\/www.europesays.com\/fr\/wp-json\/wp\/v2\/posts"}],"about":[{"href":"https:\/\/www.europesays.com\/fr\/wp-json\/wp\/v2\/types\/post"}],"author":[{"embeddable":true,"href":"https:\/\/www.europesays.com\/fr\/wp-json\/wp\/v2\/users\/2"}],"replies":[{"embeddable":true,"href":"https:\/\/www.europesays.com\/fr\/wp-json\/wp\/v2\/comments?post=190494"}],"version-history":[{"count":0,"href":"https:\/\/www.europesays.com\/fr\/wp-json\/wp\/v2\/posts\/190494\/revisions"}],"wp:featuredmedia":[{"embeddable":true,"href":"https:\/\/www.europesays.com\/fr\/wp-json\/wp\/v2\/media\/190495"}],"wp:attachment":[{"href":"https:\/\/www.europesays.com\/fr\/wp-json\/wp\/v2\/media?parent=190494"}],"wp:term":[{"taxonomy":"category","embeddable":true,"href":"https:\/\/www.europesays.com\/fr\/wp-json\/wp\/v2\/categories?post=190494"},{"taxonomy":"post_tag","embeddable":true,"href":"https:\/\/www.europesays.com\/fr\/wp-json\/wp\/v2\/tags?post=190494"}],"curies":[{"name":"wp","href":"https:\/\/api.w.org\/{rel}","templated":true}]}}