{"id":190496,"date":"2025-06-20T08:32:10","date_gmt":"2025-06-20T08:32:10","guid":{"rendered":"https:\/\/www.europesays.com\/fr\/190496\/"},"modified":"2025-06-20T08:32:10","modified_gmt":"2025-06-20T08:32:10","slug":"incendie-dans-une-armoire-electrique-le-trafic-sncf-tres-perturbe-entre-nantes-et-savenay","status":"publish","type":"post","link":"https:\/\/www.europesays.com\/fr\/190496\/","title":{"rendered":"Incendie dans une armoire \u00e9lectrique\u00a0: le trafic SNCF tr\u00e8s perturb\u00e9 entre Nantes et Savenay"},"content":{"rendered":"<p>Le feu a endommag\u00e9 une armoire \u00e9lectrique jeudi 19\u00a0juin \u00e0 Cou\u00ebron vers 19\u00a0h\u00a030. Cet incendie a occasionn\u00e9 de nombreux d\u00e9g\u00e2ts sur les installations. <strong>\u00ab\u00a0La chaleur inhabituelle pourrait expliquer cet incident\u00a0\u00bb,<\/strong> avance-t-on du c\u00f4t\u00e9 de la SNCF.<\/p>\n<p>\u00ab\u00a0Jusqu\u2019\u00e0 2\u00a0heures de retard\u00a0\u00bb<\/p>\n<p>La circulation des trains de la ligne Nantes-Savenay a \u00e9t\u00e9 coup\u00e9e dans un premier temps, hier soir, dans les deux sens. Elle a \u00e9t\u00e9 tr\u00e8s perturb\u00e9e tout au long de la soir\u00e9e. <strong>\u00ab\u00a0Certains trains ont pris deux heures de retard.\u00a0\u00bb<\/strong><\/p>\n<p>\u00ab\u00a0Circulation au compte-goutte\u00a0\u00bb<\/p>\n<p>Ce vendredi matin, le tarif est toujours tr\u00e8s perturb\u00e9 sur cette ligne. <strong>\u00ab\u00a0Les trains roulent au compte-goutte, deux trains dans chaque sens par heure.\u00a0\u00bb<\/strong> Les voyageurs prenant la direction de Rennes, depuis Nantes, peuvent emprunter les trains passant par les gares de Redon ou Sabl\u00e9-sur-Sarthe. \u00c0 ce stade, la SNCF ne sait pas quand aura lieu le retour \u00e0 la normale du trafic.<\/p>\n<p>\u00a0<\/p>\n","protected":false},"excerpt":{"rendered":"Le feu a endommag\u00e9 une armoire \u00e9lectrique jeudi 19\u00a0juin \u00e0 Cou\u00ebron vers 19\u00a0h\u00a030. Cet incendie a occasionn\u00e9 de&hellip;\n","protected":false},"author":2,"featured_media":190497,"comment_status":"","ping_status":"","sticky":false,"template":"","format":"standard","meta":{"footnotes":""},"categories":[2818],"tags":[1111,11,32837,8722,1777,674,1011,27,1310,766,12,2636,9777,3086,25,32838,2215,1097,933],"class_list":{"0":"post-190496","1":"post","2":"type-post","3":"status-publish","4":"format-standard","5":"has-post-thumbnail","7":"category-nantes","8":"tag-actu","9":"tag-actualites","10":"tag-armoire","11":"tag-electrique","12":"tag-eu","13":"tag-europe","14":"tag-fr","15":"tag-france","16":"tag-incendie","17":"tag-nantes","18":"tag-news","19":"tag-pays-de-la-loire","20":"tag-perturbe","21":"tag-redon","22":"tag-republique-francaise","23":"tag-savenay","24":"tag-sncf","25":"tag-trafic","26":"tag-tres"},"share_on_mastodon":{"url":"https:\/\/pubeurope.com\/@fr\/114714767768584629","error":""},"_links":{"self":[{"href":"https:\/\/www.europesays.com\/fr\/wp-json\/wp\/v2\/posts\/190496","targetHints":{"allow":["GET"]}}],"collection":[{"href":"https:\/\/www.europesays.com\/fr\/wp-json\/wp\/v2\/posts"}],"about":[{"href":"https:\/\/www.europesays.com\/fr\/wp-json\/wp\/v2\/types\/post"}],"author":[{"embeddable":true,"href":"https:\/\/www.europesays.com\/fr\/wp-json\/wp\/v2\/users\/2"}],"replies":[{"embeddable":true,"href":"https:\/\/www.europesays.com\/fr\/wp-json\/wp\/v2\/comments?post=190496"}],"version-history":[{"count":0,"href":"https:\/\/www.europesays.com\/fr\/wp-json\/wp\/v2\/posts\/190496\/revisions"}],"wp:featuredmedia":[{"embeddable":true,"href":"https:\/\/www.europesays.com\/fr\/wp-json\/wp\/v2\/media\/190497"}],"wp:attachment":[{"href":"https:\/\/www.europesays.com\/fr\/wp-json\/wp\/v2\/media?parent=190496"}],"wp:term":[{"taxonomy":"category","embeddable":true,"href":"https:\/\/www.europesays.com\/fr\/wp-json\/wp\/v2\/categories?post=190496"},{"taxonomy":"post_tag","embeddable":true,"href":"https:\/\/www.europesays.com\/fr\/wp-json\/wp\/v2\/tags?post=190496"}],"curies":[{"name":"wp","href":"https:\/\/api.w.org\/{rel}","templated":true}]}}