{"id":190506,"date":"2025-06-20T08:37:27","date_gmt":"2025-06-20T08:37:27","guid":{"rendered":"https:\/\/www.europesays.com\/fr\/190506\/"},"modified":"2025-06-20T08:37:27","modified_gmt":"2025-06-20T08:37:27","slug":"deux-nouveaux-espaces-encore-jamais-vus-en-magasin-au-kiabi-village-de-lezennes","status":"publish","type":"post","link":"https:\/\/www.europesays.com\/fr\/190506\/","title":{"rendered":"deux nouveaux espaces encore jamais vus en magasin au Kiabi Village de Lezennes"},"content":{"rendered":"<p>            Par<br \/>\n        <strong><br \/>\n            <a href=\"https:\/\/actu.fr\/auteur\/margot-nicodeme\" title=\"Consulter tous les articles de Margot Nicod\u00e8me\" rel=\"nofollow noopener\" target=\"_blank\">Margot Nicod\u00e8me<\/a><br \/>\n        <\/strong><\/p>\n<p>        Publi\u00e9 le<\/p>\n<p>            20 juin 2025 \u00e0 6h36        <\/p>\n<p>Kiabi a con\u00e7u <a href=\"https:\/\/actu.fr\/hauts-de-france\/lezennes_59346\/lezennes-bientot-des-nouveautes-au-kiabi-village-ce-qui-est-annonce_61712624.html\" rel=\"nofollow noopener\" target=\"_blank\">son incontournable village de Lezennes<\/a> (Nord) comme un \u00ab\u00a0magasin-laboratoire\u00a0\u00bb, s\u2019autorisant ainsi \u00e0 y mener des exp\u00e9rimentations. <b>En avant-premi\u00e8re pour les habitants de la m\u00e9tropole de Lille<\/b>, donc, deux projets pilotes se sont concr\u00e9tis\u00e9s dans ce temple des bonnes affaires. C\u2019est une grande premi\u00e8re en France, ils n\u2019ont encore jamais \u00e9t\u00e9 vus en magasin ! Pour l\u2019un d\u2019eux, Kiabi a conclu \u00ab\u00a0<b>un partenariat avec des marques s\u00e9lectionn\u00e9es<\/b> pour une offre vari\u00e9e et exigeante\u00a0\u00bb.<\/p>\n<p>Kiabi installe un corner \u00ab\u00a0So easy\u00a0\u00bb et un espace beaut\u00e9 et soin dans son village de Lezennes<\/p>\n<p class=\" wall-content\">Apr\u00e8s <a href=\"https:\/\/actu.fr\/hauts-de-france\/lezennes_59346\/pres-de-lille-tyrolienne-piscine-a-boules-grande-roue-le-kiabi-village-prepare-une-grande-ducasse_62537486.html\" rel=\"nofollow noopener\" target=\"_blank\">la grande ducasse sur son parvis et dans son hall<\/a> il y a quelques semaines, Kiabi installe deux grandes nouveaut\u00e9s en boutique, cette fois. Il s\u2019agit d\u2019espaces in\u00e9dits, l\u2019un d\u00e9di\u00e9 \u00e0 l\u2019habillement, l\u2019autre au soin et \u00e0 la beaut\u00e9. Et comme on peut s\u2019y attendre venant de la marque, c\u2019est pour toute la famille.\u00a0<\/p>\n<p class=\" wall-content\">C\u2019est d\u2019abord <b>un corner \u00ab\u00a0So Easy facile \u00e0 enfiler\u00a0\u00bb<\/b> qui est apparu dans le gigantesque magasin. Pr\u00e9cis\u00e9ment, il s\u2019agit d\u2019une \u00ab\u00a0collection inclusive, adapt\u00e9e, pleine d\u2019astuces et styl\u00e9e\u00a0\u00bb. Elle n\u2019\u00e9tait jusqu\u2019alors disponible que sur le web.<\/p>\n<p>    <img   decoding=\"async\" loading=\"lazy\" class=\"size-large\" src=\"https:\/\/www.europesays.com\/fr\/wp-content\/uploads\/2025\/06\/ceb18431c3586d2c18431c358c6c18v-960x640.jpg\" alt=\"So Easy, jusqu'alors uniquement disponible sur le web, a d\u00e9barqu\u00e9 dans le grand Kiabi Village de Lezennes.\" width=\"960\" height=\"640\"\/><br \/>\n    So Easy, jusqu\u2019alors uniquement disponible sur le web, a d\u00e9barqu\u00e9 dans le grand Kiabi Village de Lezennes. \u00a9Kiabi<\/p>\n<p class=\" wall-content\">Elle s\u2019adresse \u00e0 \u00ab\u00a0celles et ceux qui en ont besoin\u00a0\u00bb en r\u00e9pondant \u00ab\u00a0\u00e0 une multitude de situations\u00a0\u00bb, comme \u00ab\u00a0la difficult\u00e9 \u00e0 enfiler un pull par la t\u00eate ou \u00e0 fermer des boutons de chemise, en raison d\u2019une perte de motricit\u00e9 ou de sensorialit\u00e9\u00a0\u00bb ou encore \u00ab\u00a0le besoin de v\u00eatements confortables et doux apr\u00e8s une op\u00e9ration\u00a0\u00bb. Des articles pour b\u00e9b\u00e9s, enfants et adultes y sont inclus.<\/p>\n<p>Vid\u00e9os : en ce moment sur Actu<\/p>\n<p class=\" wall-content\">Le second espace r\u00e9jouira lui aussi les petits comme les grands. C\u2019est <b>un espace beaut\u00e9 et soin<\/b>, garanti de qualit\u00e9 et \u00e0 tout petit prix. \u00ab\u00a0<b>Maquillage, parfums, soins visage, accessoires<\/b>\u2026 Tout y est pour transformer les courses beaut\u00e9 en un moment de plaisir\u00a0\u00bb, renseigne la marque.<\/p>\n<p class=\" wall-content\"><a href=\"https:\/\/www.instagram.com\/p\/DKZ2f0_obEJ\/embed\" title=\"Ouvrir le lien sur Instagram\" rel=\"nofollow noopener\" target=\"_blank\">Visualiser le contenu sur Instagram<\/a><\/p>\n<p class=\" wall-content\">C\u2019est dans ce cadre qu\u2019un partenariat avec des marques s\u2019est concr\u00e9tis\u00e9 :<b> Essence et Catrice <\/b>(tendances maquillage), <b>Iroha<\/b> (masques et soins inspir\u00e9s de marques de cosm\u00e9tiques), <b>Nijiko<\/b> (soins certifi\u00e9s bio, fabriqu\u00e9s dans le Sud de la France), <b>Take Care<\/b> (cosm\u00e9tiques pour enfants, ludiques et bien not\u00e9s) et enfin <b>Evoluderm<\/b>. \u00c0 d\u00e9couvrir d\u00e8s ce mois de juin 2025.<\/p>\n<p class=\" wall-content\">Suivez toute l\u2019actualit\u00e9 de vos villes et m\u00e9dias favoris en vous inscrivant \u00e0 <a href=\"https:\/\/moncompte.actu.fr\" title=\"D\u00e9couvez Mon Actu\" rel=\"nofollow noopener\" data-trk=\"{&quot;cta&quot;:{&quot;action&quot;:&quot;https:\\\/\\\/moncompte.actu.fr&quot;,&quot;category&quot;:&quot;mon compte&quot;,&quot;from&quot;:&quot;article footer&quot;,&quot;name&quot;:&quot;Mon actu&quot;,&quot;type&quot;:&quot;cta&quot;}}\" target=\"_blank\">Mon Actu<\/a>.<\/p>\n<p>                    <script async src=\"\/\/www.instagram.com\/embed.js\"><\/script><\/p>\n","protected":false},"excerpt":{"rendered":"Par Margot Nicod\u00e8me Publi\u00e9 le 20 juin 2025 \u00e0 6h36 Kiabi a con\u00e7u son incontournable village de Lezennes&hellip;\n","protected":false},"author":2,"featured_media":190507,"comment_status":"","ping_status":"","sticky":false,"template":"","format":"standard","meta":{"footnotes":""},"categories":[2815],"tags":[1111,11,215,33,1777,674,1011,27,811,1307,12,25],"class_list":{"0":"post-190506","1":"post","2":"type-post","3":"status-publish","4":"format-standard","5":"has-post-thumbnail","7":"category-lille","8":"tag-actu","9":"tag-actualites","10":"tag-commerce","11":"tag-economie","12":"tag-eu","13":"tag-europe","14":"tag-fr","15":"tag-france","16":"tag-hauts-de-france","17":"tag-lille","18":"tag-news","19":"tag-republique-francaise"},"share_on_mastodon":{"url":"https:\/\/pubeurope.com\/@fr\/114714787510311646","error":""},"_links":{"self":[{"href":"https:\/\/www.europesays.com\/fr\/wp-json\/wp\/v2\/posts\/190506","targetHints":{"allow":["GET"]}}],"collection":[{"href":"https:\/\/www.europesays.com\/fr\/wp-json\/wp\/v2\/posts"}],"about":[{"href":"https:\/\/www.europesays.com\/fr\/wp-json\/wp\/v2\/types\/post"}],"author":[{"embeddable":true,"href":"https:\/\/www.europesays.com\/fr\/wp-json\/wp\/v2\/users\/2"}],"replies":[{"embeddable":true,"href":"https:\/\/www.europesays.com\/fr\/wp-json\/wp\/v2\/comments?post=190506"}],"version-history":[{"count":0,"href":"https:\/\/www.europesays.com\/fr\/wp-json\/wp\/v2\/posts\/190506\/revisions"}],"wp:featuredmedia":[{"embeddable":true,"href":"https:\/\/www.europesays.com\/fr\/wp-json\/wp\/v2\/media\/190507"}],"wp:attachment":[{"href":"https:\/\/www.europesays.com\/fr\/wp-json\/wp\/v2\/media?parent=190506"}],"wp:term":[{"taxonomy":"category","embeddable":true,"href":"https:\/\/www.europesays.com\/fr\/wp-json\/wp\/v2\/categories?post=190506"},{"taxonomy":"post_tag","embeddable":true,"href":"https:\/\/www.europesays.com\/fr\/wp-json\/wp\/v2\/tags?post=190506"}],"curies":[{"name":"wp","href":"https:\/\/api.w.org\/{rel}","templated":true}]}}