{"id":190508,"date":"2025-06-20T08:38:25","date_gmt":"2025-06-20T08:38:25","guid":{"rendered":"https:\/\/www.europesays.com\/fr\/190508\/"},"modified":"2025-06-20T08:38:25","modified_gmt":"2025-06-20T08:38:25","slug":"le-cross-training-sport-complet-urban-rando-cyclo-evenements","status":"publish","type":"post","link":"https:\/\/www.europesays.com\/fr\/190508\/","title":{"rendered":"Le cross training, sport complet \/ Urban Rando Cyclo \/ \u00c9v\u00e9nements"},"content":{"rendered":"<p>En d\u00e9but de soir\u00e9e, du c\u00f4t\u00e9 du <strong>complexe Youri Gagarine<\/strong>, si certains adh\u00e9rents du <strong>Boxing Club des Bois-Blancs<\/strong> boxent tout naturellement, d\u2019autres s\u2019adonnent \u00e0 la pratique du <strong>cross training<\/strong>. Cette discipline est un savant <strong>m\u00e9lange d\u2019exercices<\/strong> \u2013 avec ou sans mat\u00e9riel \u2013<strong>\u00a0qui permettent de travailler tous les muscles du corps<\/strong>. Que ce soit pour se d\u00e9fouler, pour le plaisir, pour pr\u00e9parer une comp\u00e9tition : tout le monde y trouve son compte.<\/p>\n<p>Djamel, le coach du soir, confie d\u2019ailleurs que les entra\u00eenements sont adaptables \u00e0 chacun. \u00ab Nul besoin d\u2019\u00eatre exp\u00e9riment\u00e9 ou super costaud : on adapte nos s\u00e9ances, que ce soit sur l\u2019intensit\u00e9 ou les r\u00e9p\u00e9titions demand\u00e9es. \u00bb<strong>\u00a0Gym, halt\u00e9rophilie, cardio, endurance<\/strong> : si ce sport est complet et compl\u00e9mentaire avec d\u2019autres pratiques, il permet aussi de d\u00e9velopper son mental.<\/p>\n<p>Licia Boudersa, quadruple championne du monde de boxe et coach de cross training, distille aussi ses pr\u00e9cieux conseils de championne : \u00ab Il m\u2019arrive souvent d\u2019\u00e9changer sur la gestion du mental, de r\u00e9pondre \u00e0 des questions sur la nutrition, de partager des conseils sur la pratique du sport en tant que maman. \u00bb<\/p>\n<p>Le coach est l\u00e0 pour encourager<\/p>\n<p>\u00c0 leur arriv\u00e9e, les participants d\u00e9couvrent le programme du jour au tableau avec les s\u00e9ries d\u2019exercices \u00e0 r\u00e9p\u00e9ter tous ensemble. Une fois le compte \u00e0 rebours lanc\u00e9, c\u2019est parti pour 40 minutes fr\u00e9n\u00e9tiques au rythme de tubes qui s\u2019encha\u00eenent sur les enceintes. <strong>Les sportifs de tout \u00e2ge et de tout niveau sautent, soul\u00e8vent des halt\u00e8res, se ruent au sol<\/strong>\u2026 Une s\u00e9rie, quelques respirations profondes, 2-3 gorg\u00e9es d\u2019eau et c\u2019est reparti !<\/p>\n<p>Au fil des minutes, la fatigue se fait ressentir, les fronts ruissellent, les visages rougissent. Mais le coach est l\u00e0 pour encourager ses prot\u00e9g\u00e9s : \u00ab Ne l\u00e2chez pas ! Allez, on continue, plus que 3 minutes. \u00bb Jusqu\u2019\u00e0 la d\u00e9livrance : \u00ab C\u2019est la fin, bravo \u00e0 tous, c\u2019est tr\u00e8s bien. \u00bb <strong>Un petit rituel marque la fin de la s\u00e9ance o\u00f9 tout le monde s\u2019applaudit mutuellement pour se f\u00e9liciter<\/strong>.<\/p>\n<p>Une recette qui pla\u00eet, \u00e0 l\u2019image de Karima, adepte depuis 5 ans, qui souligne \u00ab <strong>l\u2019esprit d\u2019\u00e9quipe<\/strong> \u00bb ou encore B\u00e9n\u00e9dicte, qui appr\u00e9cie particuli\u00e8rement \u00ab le c\u00f4t\u00e9 familial du club et la diversit\u00e9 des personnes pr\u00e9sentes \u00bb. Pour sa grande premi\u00e8re, Juliette a, quant \u00e0 elle, aim\u00e9 \u00ab se d\u00e9fouler dans une bonne ambiance \u00bb.<\/p>\n<p>Un entra\u00eenement qui s\u00e9duit bien au-del\u00e0 des Bois-Blancs et dont <strong>les s\u00e9ances avoisinent les 90 % de femmes pr\u00e9sentes<\/strong>, notamment gr\u00e2ce \u00e0 la qualit\u00e9 du coaching et au bouche-\u00e0-oreille. Pour Djamel, \u00ab m\u00eame si cette discipline est un sport individuel, il se pratique en \u00e9quipe, c\u2019est quelque chose qui est tr\u00e8s appr\u00e9ci\u00e9 ! \u00bb<\/p>\n<p>\u25cf Par Alan Le Duc Le Cardinal (article issu du Lille Mag n\u00b0 161, \u00e9dition juin-juillet 2025, <a href=\"https:\/\/www.calameo.com\/read\/002898805ba45102dace6?page=1\" target=\"_self\" class=\"lien_interne\" rel=\"nofollow noopener\">\u00e0 lire ici en version num\u00e9rique<\/a>)<\/p>\n<p>Informations et inscriptions sur le <a href=\"https:\/\/www.boxing-club-lille.fr\/crosstraining\/\" target=\"_self\" class=\"lien_interne\" rel=\"nofollow noopener\">site du Boxing Club des Bois-Blancs<\/a>.<\/p>\n<p>Notre vid\u00e9o !<\/p>\n<p>Cliquez sur l&rsquo;image pour lire la vid\u00e9o<\/p>\n<p><a href=\"https:\/\/youtube.com\/shorts\/aa5obepEwn0?feature=share\" target=\"_self\" class=\"lien_interne\" rel=\"nofollow noopener\">            <img src-full=\"\/var\/www\/storage\/images\/mediatheque\/mairie-de-lille\/actualites\/images\/2025\/juin-2025\/cross-training-bois-blancs2\/3794067-1-fre-FR\/Cross-training-Bois-Blancs.jpg\" data-caption-full=\"Du cross training au Boxing Club des Bois-Blancs. Photo TLP - Ville de Lille\" width=\"465\" height=\"310\" alt=\"Cross training Bois-Blancs\" title=\"Cross training Bois-Blancs\" class=\"align-\"\/><br \/>\n    <\/a><\/p>\n","protected":false},"excerpt":{"rendered":"En d\u00e9but de soir\u00e9e, du c\u00f4t\u00e9 du complexe Youri Gagarine, si certains adh\u00e9rents du Boxing Club des Bois-Blancs&hellip;\n","protected":false},"author":2,"featured_media":190509,"comment_status":"","ping_status":"","sticky":false,"template":"","format":"standard","meta":{"footnotes":""},"categories":[2815],"tags":[1111,11,4763,1777,674,1011,27,811,1307,5415,12,25],"class_list":{"0":"post-190508","1":"post","2":"type-post","3":"status-publish","4":"format-standard","5":"has-post-thumbnail","7":"category-lille","8":"tag-actu","9":"tag-actualites","10":"tag-agenda","11":"tag-eu","12":"tag-europe","13":"tag-fr","14":"tag-france","15":"tag-hauts-de-france","16":"tag-lille","17":"tag-mairie","18":"tag-news","19":"tag-republique-francaise"},"share_on_mastodon":{"url":"https:\/\/pubeurope.com\/@fr\/114714791320134650","error":""},"_links":{"self":[{"href":"https:\/\/www.europesays.com\/fr\/wp-json\/wp\/v2\/posts\/190508","targetHints":{"allow":["GET"]}}],"collection":[{"href":"https:\/\/www.europesays.com\/fr\/wp-json\/wp\/v2\/posts"}],"about":[{"href":"https:\/\/www.europesays.com\/fr\/wp-json\/wp\/v2\/types\/post"}],"author":[{"embeddable":true,"href":"https:\/\/www.europesays.com\/fr\/wp-json\/wp\/v2\/users\/2"}],"replies":[{"embeddable":true,"href":"https:\/\/www.europesays.com\/fr\/wp-json\/wp\/v2\/comments?post=190508"}],"version-history":[{"count":0,"href":"https:\/\/www.europesays.com\/fr\/wp-json\/wp\/v2\/posts\/190508\/revisions"}],"wp:featuredmedia":[{"embeddable":true,"href":"https:\/\/www.europesays.com\/fr\/wp-json\/wp\/v2\/media\/190509"}],"wp:attachment":[{"href":"https:\/\/www.europesays.com\/fr\/wp-json\/wp\/v2\/media?parent=190508"}],"wp:term":[{"taxonomy":"category","embeddable":true,"href":"https:\/\/www.europesays.com\/fr\/wp-json\/wp\/v2\/categories?post=190508"},{"taxonomy":"post_tag","embeddable":true,"href":"https:\/\/www.europesays.com\/fr\/wp-json\/wp\/v2\/tags?post=190508"}],"curies":[{"name":"wp","href":"https:\/\/api.w.org\/{rel}","templated":true}]}}