{"id":19051,"date":"2025-04-12T04:27:31","date_gmt":"2025-04-12T04:27:31","guid":{"rendered":"https:\/\/www.europesays.com\/fr\/19051\/"},"modified":"2025-04-12T04:27:31","modified_gmt":"2025-04-12T04:27:31","slug":"universite-a-sciences-po-strasbourg-la-police-met-fin-au-blocage","status":"publish","type":"post","link":"https:\/\/www.europesays.com\/fr\/19051\/","title":{"rendered":"Universit\u00e9. \u00c0 Sciences Po Strasbourg, la police met fin au blocage"},"content":{"rendered":"<p>Une cinquantaine d\u2019agents des CRS sont intervenus en milieu de matin\u00e9e alors que des \u00e9tudiants suivaient un cours sur le parvis de l\u2018\u00e9tablissement. Apr\u00e8s sommations, les CRS ont pu r\u00e9tablir l\u2019acc\u00e8s au b\u00e2timent sans heurts.<\/p>\n<p>  La nouvelle pr\u00e9sidente a sollicit\u00e9 les forces de l\u2019ordre<\/p>\n<p>C\u2019est la nouvelle pr\u00e9sidente de l\u2019universit\u00e9 de Strasbourg, Fr\u00e9d\u00e9rique Berrod, qui a sollicit\u00e9 l\u2019intervention des forces de l\u2019ordre, a indiqu\u00e9 \u00e0 l\u2019AFP le service de communication de l\u2019Universit\u00e9.<\/p>\n<p>Mercredi, <a href=\"https:\/\/www.dna.fr\/education\/2025\/04\/09\/le-blocage-reprend-a-sciences-po-on-est-encore-plus-en-colere-qu-avant\" target=\"_blank\" rel=\"nofollow noopener\">Mme Berrod avait appel\u00e9 lors d\u2019une conf\u00e9rence de presse \u00e0 la \u00ab\u00a0lev\u00e9e du blocage\u00a0\u00bb<\/a>. La d\u00e9cision de maintenir le partenariat entre Sciences Po Strasbourg et la Lauder School of Government de l\u2019Universit\u00e9 Reichman en Isra\u00ebl &#8211; que les \u00e9tudiants accusent de soutenir la politique du gouvernement isra\u00e9lien \u00e0 Gaza &#8211; \u00ab\u00a0est prise\u00a0\u00bb et \u00ab\u00a0il me semble, a \u00e9t\u00e9 la plus d\u00e9mocratique possible\u00a0\u00bb, avait-elle observ\u00e9.<\/p>\n<p>  Le \u00ab\u00a0comit\u00e9 d\u2019examen du partenariat\u00a0\u00bb d\u00e9savou\u00e9<\/p>\n<p>Mardi soir, <a href=\"https:\/\/www.dna.fr\/education\/2025\/04\/08\/sciences-po-strasbourg-maintient-son-partenariat-avec-l-universite-reichman\" target=\"_blank\" rel=\"nofollow noopener\">le Conseil d\u2019administration a approuv\u00e9 le maintien du partenariat<\/a> par 16 voix pour, 14 contre et trois abstentions. Il a ainsi d\u00e9cid\u00e9 de ne pas suivre les conclusions d\u2019un \u00ab\u00a0comit\u00e9 d\u2019examen du partenariat\u00a0\u00bb de 10 membres (cinq \u00e9tudiants et cinq enseignants) mis en place en mars pour tenter de d\u00e9gager une solution consensuelle et ainsi mettre fin aux blocages qui s\u2018\u00e9taient tenus depuis janvier.<\/p>\n<p>Ce comit\u00e9 a pr\u00e9conis\u00e9 de mettre un terme aux \u00e9changes d\u2018\u00e9tudiants entre l\u2019IEP Strasbourg et la Lauder School of Government, et de rechercher un \u00ab\u00a0partenariat alternatif\u00a0\u00bb avec une autre universit\u00e9 isra\u00e9lienne.<\/p>\n<p>Le partenariat avait initialement \u00e9t\u00e9 suspendu lors d\u2019un vote du conseil d\u2019administration en juin tenu \u00e0 l\u2019initiative du syndicat Alternative \u00c9tudiante. Un nouveau vote, lors d\u2019une r\u00e9union du conseil d\u2019administration en d\u00e9cembre, avait ensuite r\u00e9tabli le partenariat et provoqu\u00e9 des blocages.<\/p>\n","protected":false},"excerpt":{"rendered":"Une cinquantaine d\u2019agents des CRS sont intervenus en milieu de matin\u00e9e alors que des \u00e9tudiants suivaient un cours&hellip;\n","protected":false},"author":2,"featured_media":19052,"comment_status":"","ping_status":"","sticky":false,"template":"","format":"standard","meta":{"footnotes":""},"categories":[2820],"tags":[1111,11,2389,2649,2880,1057,4854,1777,674,107,1011,27,775,12,25,640,2879],"class_list":{"0":"post-19051","1":"post","2":"type-post","3":"status-publish","4":"format-standard","5":"has-post-thumbnail","7":"category-strasbourg","8":"tag-actu","9":"tag-actualites","10":"tag-alsace","11":"tag-bas-rhin","12":"tag-edition-strasbourg","13":"tag-education","14":"tag-enseignement-superieur","15":"tag-eu","16":"tag-europe","17":"tag-fil-info","18":"tag-fr","19":"tag-france","20":"tag-grand-est","21":"tag-news","22":"tag-republique-francaise","23":"tag-strasbourg","24":"tag-strasbourg-ville"},"share_on_mastodon":{"url":"https:\/\/pubeurope.com\/@fr\/114323105049715135","error":""},"_links":{"self":[{"href":"https:\/\/www.europesays.com\/fr\/wp-json\/wp\/v2\/posts\/19051","targetHints":{"allow":["GET"]}}],"collection":[{"href":"https:\/\/www.europesays.com\/fr\/wp-json\/wp\/v2\/posts"}],"about":[{"href":"https:\/\/www.europesays.com\/fr\/wp-json\/wp\/v2\/types\/post"}],"author":[{"embeddable":true,"href":"https:\/\/www.europesays.com\/fr\/wp-json\/wp\/v2\/users\/2"}],"replies":[{"embeddable":true,"href":"https:\/\/www.europesays.com\/fr\/wp-json\/wp\/v2\/comments?post=19051"}],"version-history":[{"count":0,"href":"https:\/\/www.europesays.com\/fr\/wp-json\/wp\/v2\/posts\/19051\/revisions"}],"wp:featuredmedia":[{"embeddable":true,"href":"https:\/\/www.europesays.com\/fr\/wp-json\/wp\/v2\/media\/19052"}],"wp:attachment":[{"href":"https:\/\/www.europesays.com\/fr\/wp-json\/wp\/v2\/media?parent=19051"}],"wp:term":[{"taxonomy":"category","embeddable":true,"href":"https:\/\/www.europesays.com\/fr\/wp-json\/wp\/v2\/categories?post=19051"},{"taxonomy":"post_tag","embeddable":true,"href":"https:\/\/www.europesays.com\/fr\/wp-json\/wp\/v2\/tags?post=19051"}],"curies":[{"name":"wp","href":"https:\/\/api.w.org\/{rel}","templated":true}]}}