{"id":190512,"date":"2025-06-20T08:40:09","date_gmt":"2025-06-20T08:40:09","guid":{"rendered":"https:\/\/www.europesays.com\/fr\/190512\/"},"modified":"2025-06-20T08:40:09","modified_gmt":"2025-06-20T08:40:09","slug":"un-camion-en-panne-au-milieu-des-voies-provoque-5-km-de-bouchon-sur-la7-a-lentree-de-marseille","status":"publish","type":"post","link":"https:\/\/www.europesays.com\/fr\/190512\/","title":{"rendered":"un camion en panne au milieu des voies provoque 5 km de bouchon sur l&rsquo;A7 \u00e0 l&rsquo;entr\u00e9e de Marseille"},"content":{"rendered":"<p>Pas moins de deux voies sont neutralis\u00e9es sur l&rsquo;autoroute A7 par un camion tomb\u00e9 en panne au milieu de la chauss\u00e9e. Et ce en direction de Marseille et \u00e0 hauteur des Pennes-Mirabeau. Les patrouilleurs de la Direction interd\u00e9partementale des routes M\u00e9diterran\u00e9e (Dirmed) sont sur place. La d\u00e9panneuse est attendue sur place dans les prochaines minutes.<\/p>\n<p>Pour l&rsquo;heure, cet incident provoque cinq kilom\u00e8tres de bouchon, dans le sens Martigues-cit\u00e9 phoc\u00e9enne. Et, pour l&rsquo;heure, rien ne permet de penser que la retenue va se\u00a0 r\u00e9sorber rapidement. Bien au contraire. Le secteur est \u00e0 \u00e9viter. Privil\u00e9giez les voies secondaires comme la d\u00e9partementale 113.<\/p>\n","protected":false},"excerpt":{"rendered":"Pas moins de deux voies sont neutralis\u00e9es sur l&rsquo;autoroute A7 par un camion tomb\u00e9 en panne au milieu&hellip;\n","protected":false},"author":2,"featured_media":190513,"comment_status":"","ping_status":"","sticky":false,"template":"","format":"standard","meta":{"footnotes":""},"categories":[2814],"tags":[17,1111,11,660,154,1777,674,274,1011,27,1922,884,12413,12,10899,882,25,1097,32839],"class_list":{"0":"post-190512","1":"post","2":"type-post","3":"status-publish","4":"format-standard","5":"has-post-thumbnail","7":"category-marseille","8":"tag-17","9":"tag-actu","10":"tag-actualites","11":"tag-camion","12":"tag-des","13":"tag-eu","14":"tag-europe","15":"tag-faits-divers-justice","16":"tag-fr","17":"tag-france","18":"tag-info","19":"tag-marseille","20":"tag-milieu","21":"tag-news","22":"tag-panne","23":"tag-provence-alpes-cote-dazur","24":"tag-republique-francaise","25":"tag-trafic","26":"tag-voies"},"share_on_mastodon":{"url":"https:\/\/pubeurope.com\/@fr\/114714799303862235","error":""},"_links":{"self":[{"href":"https:\/\/www.europesays.com\/fr\/wp-json\/wp\/v2\/posts\/190512","targetHints":{"allow":["GET"]}}],"collection":[{"href":"https:\/\/www.europesays.com\/fr\/wp-json\/wp\/v2\/posts"}],"about":[{"href":"https:\/\/www.europesays.com\/fr\/wp-json\/wp\/v2\/types\/post"}],"author":[{"embeddable":true,"href":"https:\/\/www.europesays.com\/fr\/wp-json\/wp\/v2\/users\/2"}],"replies":[{"embeddable":true,"href":"https:\/\/www.europesays.com\/fr\/wp-json\/wp\/v2\/comments?post=190512"}],"version-history":[{"count":0,"href":"https:\/\/www.europesays.com\/fr\/wp-json\/wp\/v2\/posts\/190512\/revisions"}],"wp:featuredmedia":[{"embeddable":true,"href":"https:\/\/www.europesays.com\/fr\/wp-json\/wp\/v2\/media\/190513"}],"wp:attachment":[{"href":"https:\/\/www.europesays.com\/fr\/wp-json\/wp\/v2\/media?parent=190512"}],"wp:term":[{"taxonomy":"category","embeddable":true,"href":"https:\/\/www.europesays.com\/fr\/wp-json\/wp\/v2\/categories?post=190512"},{"taxonomy":"post_tag","embeddable":true,"href":"https:\/\/www.europesays.com\/fr\/wp-json\/wp\/v2\/tags?post=190512"}],"curies":[{"name":"wp","href":"https:\/\/api.w.org\/{rel}","templated":true}]}}