{"id":190522,"date":"2025-06-20T08:45:11","date_gmt":"2025-06-20T08:45:11","guid":{"rendered":"https:\/\/www.europesays.com\/fr\/190522\/"},"modified":"2025-06-20T08:45:11","modified_gmt":"2025-06-20T08:45:11","slug":"municipales-2026-on-ne-doit-pas-perdre-cette-bataille-previent-la-patronne-socialiste-de-paris-lamia-el-aaraje","status":"publish","type":"post","link":"https:\/\/www.europesays.com\/fr\/190522\/","title":{"rendered":"Municipales 2026\u00a0: \u00ab\u00a0On ne doit pas perdre cette bataille\u00a0\u00bb, pr\u00e9vient la patronne socialiste de Paris, Lamia El-Aaraje"},"content":{"rendered":"<p class=\"paragraph text_align_left lp-f-body-02\">Tout juste r\u00e9\u00e9lue cheffe des socialistes parisiens ce jeudi 19 juin, <a href=\"https:\/\/www.leparisien.fr\/paris-75\/elle-nest-pas-comme-dautres-elus-a-paris-lamia-el-aaraje-etoile-clivante-du-camp-hidalgo-25-09-2024-BK423GANBVFSVPHPP6M2PGV3YU.php\" target=\"_blank\" rel=\"noreferrer nofollow noopener\">Lamia El-Aaraje<\/a>, adjointe (PS) de la maire (PS) de Paris Anne Hidalgo, doit d\u00e9sormais pr\u00e9parer son camp \u00e0 se rassembler pour <a href=\"https:\/\/www.leparisien.fr\/elections\/municipales\/municipales-paris\/\" target=\"_self\" rel=\"nofollow noopener\">les municipales<\/a> de mars prochain. Et il y a du travail pour celle qui partagera d\u00e9sormais la gouvernance des socialistes parisiens avec deux autres \u00e9lus, <a href=\"https:\/\/www.leparisien.fr\/politique\/jeune-socialistes-victoire-ecrasante-demma-rafowicz-27-ans-reelue-presidente-02-04-2023-2VDITNF35BF4LCGGMPREVESMS4.php\" target=\"_blank\" rel=\"noreferrer nofollow noopener\">Emma Rafowicz<\/a>, d\u00e9put\u00e9e europ\u00e9enne et Maxime Sauvage, adjoint du XXe arrondissement.<\/p>\n<p class=\"paragraph text_align_left lp-f-body-02\">Elle explique le choix de cette gouvernance \u00e0 trois et r\u00e9affirme le challenge ultime qu\u2019est de garder \u00ab Paris \u00e0 gauche \u00bb. Pour cela, il faudra mener une campagne de renouveau, <a href=\"https:\/\/www.leparisien.fr\/elections\/municipales\/anne-hidalgo-renonce-aux-municipales-2026-les-coulisses-dun-choix-26-11-2024-PNVLAOFPKZAY5FWQCVCQTT2KRQ.php\" target=\"_blank\" rel=\"noreferrer nofollow noopener\">sans Anne Hidalgo qui ne se repr\u00e9sente pas<\/a>, r\u00e9unifier un camp qui a pu se d\u00e9chirer pendant la primaire.<\/p>\n","protected":false},"excerpt":{"rendered":"Tout juste r\u00e9\u00e9lue cheffe des socialistes parisiens ce jeudi 19 juin, Lamia El-Aaraje, adjointe (PS) de la maire&hellip;\n","protected":false},"author":2,"featured_media":190523,"comment_status":"","ping_status":"","sticky":false,"template":"","format":"standard","meta":{"footnotes":""},"categories":[1888],"tags":[1111,1928,11,1927,1777,674,1011,27,1944,12,1926,626,1925,316,25],"class_list":{"0":"post-190522","1":"post","2":"type-post","3":"status-publish","4":"format-standard","5":"has-post-thumbnail","7":"category-paris","8":"tag-actu","9":"tag-actu-paris","10":"tag-actualites","11":"tag-actualites-paris","12":"tag-eu","13":"tag-europe","14":"tag-fr","15":"tag-france","16":"tag-ma-ville","17":"tag-news","18":"tag-news-paris","19":"tag-paris","20":"tag-paris-news","21":"tag-politique","22":"tag-republique-francaise"},"share_on_mastodon":{"url":"https:\/\/pubeurope.com\/@fr\/114714818904431128","error":""},"_links":{"self":[{"href":"https:\/\/www.europesays.com\/fr\/wp-json\/wp\/v2\/posts\/190522","targetHints":{"allow":["GET"]}}],"collection":[{"href":"https:\/\/www.europesays.com\/fr\/wp-json\/wp\/v2\/posts"}],"about":[{"href":"https:\/\/www.europesays.com\/fr\/wp-json\/wp\/v2\/types\/post"}],"author":[{"embeddable":true,"href":"https:\/\/www.europesays.com\/fr\/wp-json\/wp\/v2\/users\/2"}],"replies":[{"embeddable":true,"href":"https:\/\/www.europesays.com\/fr\/wp-json\/wp\/v2\/comments?post=190522"}],"version-history":[{"count":0,"href":"https:\/\/www.europesays.com\/fr\/wp-json\/wp\/v2\/posts\/190522\/revisions"}],"wp:featuredmedia":[{"embeddable":true,"href":"https:\/\/www.europesays.com\/fr\/wp-json\/wp\/v2\/media\/190523"}],"wp:attachment":[{"href":"https:\/\/www.europesays.com\/fr\/wp-json\/wp\/v2\/media?parent=190522"}],"wp:term":[{"taxonomy":"category","embeddable":true,"href":"https:\/\/www.europesays.com\/fr\/wp-json\/wp\/v2\/categories?post=190522"},{"taxonomy":"post_tag","embeddable":true,"href":"https:\/\/www.europesays.com\/fr\/wp-json\/wp\/v2\/tags?post=190522"}],"curies":[{"name":"wp","href":"https:\/\/api.w.org\/{rel}","templated":true}]}}