{"id":190524,"date":"2025-06-20T08:46:10","date_gmt":"2025-06-20T08:46:10","guid":{"rendered":"https:\/\/www.europesays.com\/fr\/190524\/"},"modified":"2025-06-20T08:46:10","modified_gmt":"2025-06-20T08:46:10","slug":"info-match-paris-un-jeune-touriste-americain-grievement-blesse-apres-une-chute-de-10-metres","status":"publish","type":"post","link":"https:\/\/www.europesays.com\/fr\/190524\/","title":{"rendered":"INFO MATCH &#8211; Paris : un jeune touriste am\u00e9ricain gri\u00e8vement bless\u00e9 apr\u00e8s une chute de 10 m\u00e8tres"},"content":{"rendered":"<p>C\u2019est un nouveau drame qui s\u2019est jou\u00e9 en plein c\u0153ur de Paris. Selon les informations de Paris Match, un jeune touriste am\u00e9ricain s\u2019est gri\u00e8vement bless\u00e9, ce vendredi 20\u00a0juin, vers 1\u00a0h\u00a020 du matin, apr\u00e8s avoir fait une chute d\u2019une dizaine de m\u00e8tres, au niveau du <a href=\"https:\/\/www.parismatch.com\/Actu\/Societe\/Paris-Bagarres-trafics-squatteurs-vols-a-l-arrache-Le-Champ-de-Mars-vire-au-champ-de-ruines-1809942\" rel=\"nofollow noopener\" target=\"_blank\" data-ylk=\"slk:pont d\u2019I\u00e9na dans le 16e\u00a0arrondissement.;elm:context_link;itc:0;sec:content-canvas\" class=\"link \">pont d\u2019I\u00e9na dans le 16e\u00a0arrondissement.<\/a><\/p>\n<p>Rapidement secouru, il a \u00e9t\u00e9 \u00e9vacu\u00e9 vers l\u2019h\u00f4pital europ\u00e9en Georges-Pompidou avec un pronostic vital engag\u00e9. Selon les premi\u00e8res constatations, la victime, \u00e2g\u00e9e de 18\u00a0ans, se trouvait avec des amies lorsqu\u2019une dispute a \u00e9clat\u00e9 avec un chauffeur VTC.<\/p>\n<p>Une grave blessure \u00e0 la t\u00eate<\/p>\n<p>Pris de panique, le touriste, qui aurait \u00e9t\u00e9 sous l\u2019emprise de l\u2019alcool, a pris la fuite en direction des quais avant de se retrouver face \u00e0 un muret. Pour une raison inexpliqu\u00e9e, il a d\u00e9cid\u00e9 de sauter par-dessus avant de faire une chute d\u2019une dizaine de m\u00e8tres.<\/p>\n<p>\u00c0 l\u2019arriv\u00e9e des secours, il pr\u00e9sentait une importante blessure au niveau de la t\u00eate. Outre les pompiers de Paris, une \u00e9quipe du Samu a \u00e9galement \u00e9t\u00e9 mobilis\u00e9e pour lui prodiguer les premiers soins.<\/p>\n<p><a href=\"https:\/\/www.parismatch.com\/actu\/faits-divers\/info-match-paris-un-jeune-touriste-americain-grievement-blesse-apres-une-chute-de-10-metres-253028?at_medium=affiliate&amp;at_campaign=Yahoo\" rel=\"nofollow noopener\" target=\"_blank\" data-ylk=\"slk:Retrouvez cet article sur ParisMatch;elm:context_link;itc:0;sec:content-canvas\" class=\"link \">Retrouvez cet article sur ParisMatch<\/a><\/p>\n","protected":false},"excerpt":{"rendered":"C\u2019est un nouveau drame qui s\u2019est jou\u00e9 en plein c\u0153ur de Paris. Selon les informations de Paris Match,&hellip;\n","protected":false},"author":2,"featured_media":190525,"comment_status":"","ping_status":"","sticky":false,"template":"","format":"standard","meta":{"footnotes":""},"categories":[1888],"tags":[1111,1928,11,1927,1777,674,1011,27,32843,12,1926,626,1925,32842,25],"class_list":{"0":"post-190524","1":"post","2":"type-post","3":"status-publish","4":"format-standard","5":"has-post-thumbnail","7":"category-paris","8":"tag-actu","9":"tag-actu-paris","10":"tag-actualites","11":"tag-actualites-paris","12":"tag-eu","13":"tag-europe","14":"tag-fr","15":"tag-france","16":"tag-georges-pompidou","17":"tag-news","18":"tag-news-paris","19":"tag-paris","20":"tag-paris-news","21":"tag-pris-de-panique","22":"tag-republique-francaise"},"share_on_mastodon":{"url":"https:\/\/pubeurope.com\/@fr\/114714822837804800","error":""},"_links":{"self":[{"href":"https:\/\/www.europesays.com\/fr\/wp-json\/wp\/v2\/posts\/190524","targetHints":{"allow":["GET"]}}],"collection":[{"href":"https:\/\/www.europesays.com\/fr\/wp-json\/wp\/v2\/posts"}],"about":[{"href":"https:\/\/www.europesays.com\/fr\/wp-json\/wp\/v2\/types\/post"}],"author":[{"embeddable":true,"href":"https:\/\/www.europesays.com\/fr\/wp-json\/wp\/v2\/users\/2"}],"replies":[{"embeddable":true,"href":"https:\/\/www.europesays.com\/fr\/wp-json\/wp\/v2\/comments?post=190524"}],"version-history":[{"count":0,"href":"https:\/\/www.europesays.com\/fr\/wp-json\/wp\/v2\/posts\/190524\/revisions"}],"wp:featuredmedia":[{"embeddable":true,"href":"https:\/\/www.europesays.com\/fr\/wp-json\/wp\/v2\/media\/190525"}],"wp:attachment":[{"href":"https:\/\/www.europesays.com\/fr\/wp-json\/wp\/v2\/media?parent=190524"}],"wp:term":[{"taxonomy":"category","embeddable":true,"href":"https:\/\/www.europesays.com\/fr\/wp-json\/wp\/v2\/categories?post=190524"},{"taxonomy":"post_tag","embeddable":true,"href":"https:\/\/www.europesays.com\/fr\/wp-json\/wp\/v2\/tags?post=190524"}],"curies":[{"name":"wp","href":"https:\/\/api.w.org\/{rel}","templated":true}]}}