{"id":190526,"date":"2025-06-20T08:47:14","date_gmt":"2025-06-20T08:47:14","guid":{"rendered":"https:\/\/www.europesays.com\/fr\/190526\/"},"modified":"2025-06-20T08:47:14","modified_gmt":"2025-06-20T08:47:14","slug":"nos-meilleures-adresses-pour-deguster-de-la-mozzarella-a-paris","status":"publish","type":"post","link":"https:\/\/www.europesays.com\/fr\/190526\/","title":{"rendered":"nos meilleures adresses pour d\u00e9guster de la mozzarella \u00e0 Paris"},"content":{"rendered":"<p><strong>LA S\u00c9LECTION DU FIGARO &#8211; <\/strong>\u00c0 l\u2019huile d\u2019olive, en sandwich, en frite, sur une pizza et m\u00eame dans un dessert\u00a0: nos huit tables pour appr\u00e9cier le plus c\u00e9l\u00e8bre des fromages transalpins.<\/p>\n<p class=\"fig-paragraph\">L\u2019incontournable fromage \u00e0 p\u00e2te fil\u00e9e originaire du Sud de la Botte, produit \u00e0 partir de lait de buflonne (<a href=\"http:\/\/madame.lefigaro.fr\/cuisine\/actu-cuisine\/voici-la-meilleure-mozzarella-selon-60-millions-de-consommateurs-20220707\" data-fig-type=\"Article\" data-gtm-custom-categorie=\"navigation\" data-gtm-custom-action=\"crossclick\" data-gtm-custom-label=\"Contextuel\" data-gtm-event=\"customEventSPE\" data-fig-domain=\"MADAME\" target=\"_blank\" rel=\"noopener\">mozzarella di bufala<\/a>) ou de vache (fior di latte), m\u00eal\u00e9 \u00e0 de la cr\u00e8me fra\u00eeche pour pr\u00e9parer la stracciatella &#8211; qui constitue elle-m\u00eame l\u2019int\u00e9rieur de la burrata &#8211; fait figure de mets id\u00e9al pour les beaux jours. Voici huit fa\u00e7ons de l\u2019appr\u00e9cier \u00e0 Paris.<\/p>\n<p>La burrata de Piennolo<\/p>\n<p class=\"fig-paragraph\"><strong>Le lieu.<\/strong> Le chef bistronome Beno\u00eet Gauthier a troqu\u00e9 l\u2019an dernier le Petit Pan &#8211; situ\u00e9 en face de son Grand Pan -, pour ce Piennolo (qui tire son nom d\u2019une vari\u00e9t\u00e9 de petites tomates cultiv\u00e9es sur les flancs du V\u00e9suve), bistrot-pizzeria \u00e0 l\u2019int\u00e9rieur coquet (murs en brique, parquet et carrelages color\u00e9s) et \u00e0 la terrrasse paisible peupl\u00e9e de tables rouges et vertes. Outre des pizze napolitaines de belle facture, on y d\u00e9guste pasta, antipasti, salades et\u2026 burrata\u00a0!<\/p>\n<p class=\"fig-body-link\">\n            \u00c0 lire aussi<br \/>\n        <a class=\"fig-body-link__link fig-premium-mark\" href=\"https:\/\/www.lefigaro.fr\/gastronomie\/a-paris-15e-l-ex-petit-pan-devient-piennolo-un-bistrot-italien-20240626?msockid=2bfa720d32d663461391641d336f629f\" target=\"_blank\" data-fig-type=\"Article\" rel=\"noopener\" data-gtm-custom-categorie=\"navigation\" data-gtm-custom-action=\"crossclick\" data-gtm-custom-label=\"Contextuel\" data-gtm-event=\"customEventSPE\" data-fig-domain=\"LEFIGARO\">\u00c0 Paris 15e, l\u2019ex-Petit Pan devient Piennolo, un bistrot italien<br \/>\n    <\/a>\n<\/p>\n<p class=\"fig-paragraph\"><strong>Le plat.<\/strong> Venue des Pouilles, la burrata (125 g), bien fra\u00eeche, d\u00e9livre sa cr\u00e8me coulante \u00e0 la d\u00e9coupe, et se d\u00e9guste, au choix, au naturel (avec fleur de sel de Trapani\u2026<\/p>\n<p class=\"fig-premium-paywall__infos\">\n        Cet article est r\u00e9serv\u00e9 aux abonn\u00e9s.        Il vous reste 91% \u00e0 d\u00e9couvrir.\n    <\/p>\n<p>                <img  data- alt=\"Le Figaro\" class=\"fig-img--complete fig-img\"\/><\/p>\n<p class=\"fig-premium-paywall__title\">Vente Flash<\/p>\n<p class=\"fig-premium-paywall__subtitle\">3,99\u20ac par mois pendant 12 mois. Sans engagement.<\/p>\n<p class=\"fig-premium-paywall__connect\">\n                D\u00e9j\u00e0 abonn\u00e9\u00a0?                <a class=\"fig-premium-paywall__connect-link\" href=\"https:\/\/connect.lefigaro.fr\/login?client=horizon_web&amp;type=main&amp;redirect_uri=https%3A%2F%2Fwww.lefigaro.fr%2Fgastronomie%2Fbufala-burrata-stracciatella-nos-meilleures-adresses-pour-deguster-de-la-mozzarella-a-paris-20250620\" data-js-gtm=\"{&quot;customCategorie&quot;: &quot;conversion&quot;, &quot;customAction&quot;: &quot;before_Landing_Connexion_paywall_auto&quot;, &quot;customLabel&quot;: &quot;bGVmaWdhcm8uZnJfXzFmMDRjZGU0LWRmMjYtNjg4YS04NWUxLTYxNWRmMjJmZTAzY19fQXJ0aWNsZQ==_Bufala, burrata, stracciatella: nos meilleures adresses pour d\u00e9guster de la mozzarella \u00e0 Paris_168&quot;, &quot;customIDSPE&quot;: &quot;bGVmaWdhcm8uZnJfXzFmMDRjZGU0LWRmMjYtNjg4YS04NWUxLTYxNWRmMjJmZTAzY19fQXJ0aWNsZQ==&quot;, &quot;event&quot;: &quot;customEventSPE&quot;}\" target=\"_blank\" rel=\"noopener\"><br \/>\n                    Connectez-vous<br \/>\n                <\/a>\n            <\/p>\n","protected":false},"excerpt":{"rendered":"LA S\u00c9LECTION DU FIGARO &#8211; \u00c0 l\u2019huile d\u2019olive, en sandwich, en frite, sur une pizza et m\u00eame dans&hellip;\n","protected":false},"author":2,"featured_media":190527,"comment_status":"","ping_status":"","sticky":false,"template":"","format":"standard","meta":{"footnotes":""},"categories":[1888],"tags":[1111,2016,2018,2015,2019,11,2020,1777,674,1011,27,32844,12,626,25,2021,2068,2017],"class_list":{"0":"post-190526","1":"post","2":"type-post","3":"status-publish","4":"format-standard","5":"has-post-thumbnail","7":"category-paris","8":"tag-actu","9":"tag-actu-gastronomie","10":"tag-actu-recette","11":"tag-actualite-gastronomie","12":"tag-actualite-nutrition","13":"tag-actualites","14":"tag-culinaire","15":"tag-eu","16":"tag-europe","17":"tag-fr","18":"tag-france","19":"tag-mozzarella","20":"tag-news","21":"tag-paris","22":"tag-republique-francaise","23":"tag-restauration","24":"tag-sortir-a-paris","25":"tag-tendance-cuisine"},"share_on_mastodon":{"url":"https:\/\/pubeurope.com\/@fr\/114714826736434354","error":""},"_links":{"self":[{"href":"https:\/\/www.europesays.com\/fr\/wp-json\/wp\/v2\/posts\/190526","targetHints":{"allow":["GET"]}}],"collection":[{"href":"https:\/\/www.europesays.com\/fr\/wp-json\/wp\/v2\/posts"}],"about":[{"href":"https:\/\/www.europesays.com\/fr\/wp-json\/wp\/v2\/types\/post"}],"author":[{"embeddable":true,"href":"https:\/\/www.europesays.com\/fr\/wp-json\/wp\/v2\/users\/2"}],"replies":[{"embeddable":true,"href":"https:\/\/www.europesays.com\/fr\/wp-json\/wp\/v2\/comments?post=190526"}],"version-history":[{"count":0,"href":"https:\/\/www.europesays.com\/fr\/wp-json\/wp\/v2\/posts\/190526\/revisions"}],"wp:featuredmedia":[{"embeddable":true,"href":"https:\/\/www.europesays.com\/fr\/wp-json\/wp\/v2\/media\/190527"}],"wp:attachment":[{"href":"https:\/\/www.europesays.com\/fr\/wp-json\/wp\/v2\/media?parent=190526"}],"wp:term":[{"taxonomy":"category","embeddable":true,"href":"https:\/\/www.europesays.com\/fr\/wp-json\/wp\/v2\/categories?post=190526"},{"taxonomy":"post_tag","embeddable":true,"href":"https:\/\/www.europesays.com\/fr\/wp-json\/wp\/v2\/tags?post=190526"}],"curies":[{"name":"wp","href":"https:\/\/api.w.org\/{rel}","templated":true}]}}