{"id":190532,"date":"2025-06-20T08:50:17","date_gmt":"2025-06-20T08:50:17","guid":{"rendered":"https:\/\/www.europesays.com\/fr\/190532\/"},"modified":"2025-06-20T08:50:17","modified_gmt":"2025-06-20T08:50:17","slug":"vladimir-poutine-est-plus-enclin-a-trouver-une-solution-pour-liran-et-israel-que-pour-lukraine","status":"publish","type":"post","link":"https:\/\/www.europesays.com\/fr\/190532\/","title":{"rendered":"Vladimir Poutine est plus enclin \u00e0 trouver une \u00ab\u00a0solution\u00a0\u00bb pour l\u2019Iran et Isra\u00ebl, que pour l\u2019Ukraine"},"content":{"rendered":"<p>        <img decoding=\"async\" loading=\"lazy\" src=\"https:\/\/www.europesays.com\/fr\/wp-content\/uploads\/2025\/06\/3fa9436_upload-1-bxd3pvqqhmay-000-62wq99d.jpg\"  width=\"728\" height=\"409\" alt=\"Vladimir Poutine, ici lors d\u2019une rencontre au Forum \u00e9conomique international de Saint-P\u00e9tersbourg en Russie, le 18\u00a0juin 2025.\"\/>  <\/p>\n<p>ALEXEY DANICHEV \/ AFP<\/p>\n<p>Vladimir Poutine, ici lors d\u2019une rencontre au Forum \u00e9conomique international de Saint-P\u00e9tersbourg en Russie, le 18\u00a0juin 2025.<\/p>\n<p class=\"asset asset-text\">INTERNATIONAL &#8211; Le conflit entre Isra\u00ebl et l\u2019Iran n\u2019a commenc\u00e9 que <a href=\"https:\/\/www.huffingtonpost.fr\/international\/video\/le-leader-ali-khamenei-menace-par-donald-trump-et-cible-numero-1-d-israel-est-plus-accule-que-jamais_251523.html\" rel=\"nofollow noopener\" target=\"_blank\">depuis six jours<\/a>, mais <a href=\"https:\/\/www.huffingtonpost.fr\/international\/article\/nous-devons-les-etrangler-vladimir-poutine-a-une-dent-contre-ces-entreprises-occidentales_250561.html\" rel=\"nofollow noopener\" target=\"_blank\">Vladimir Poutine<\/a> semble d\u00e9j\u00e0 bien plus enclin \u00e0 le r\u00e9soudre qu\u2019il ne l\u2019a fait en plus de trois ans de guerre entre son pays et l\u2019Ukraine.<\/p>\n<p class=\"asset asset-text\">Le pr\u00e9sident russe a ainsi estim\u00e9 ce jeudi 19\u00a0juin qu\u2019une \u00ab\u00a0solution\u00a0\u00bb qui pourrait convenir \u00e0 Isra\u00ebl et l\u2019Iran, pays alli\u00e9 de la Russie, pouvait \u00eatre \u00ab\u00a0trouv\u00e9e\u00a0\u00bb, assurant que les frappes isra\u00e9liennes ne faisaient que \u00ab\u00a0consolider\u00a0\u00bb le soutien de la population iranienne au pouvoir.<\/p>\n<p class=\"asset asset-text\">\u00ab\u00a0C\u2019est une question d\u00e9licate, et il faut bien s\u00fbr \u00eatre tr\u00e8s prudent, mais \u00e0 mon avis, dans l\u2019ensemble, une solution peut \u00eatre trouv\u00e9e\u00a0\u00bb, a d\u00e9clar\u00e9 le pr\u00e9sident russe lors d\u2019un \u00e9change avec des repr\u00e9sentants d\u2019agences de presse \u00e9trang\u00e8res, au sujet d\u2019une \u00e9ventuelle issue diplomatique au conflit.<\/p>\n<p class=\"asset asset-text\">\u00ab\u00a0\u00c0 l\u2019heure actuelle, nous constatons qu\u2019en Iran (&#8230;) il y a tout de m\u00eame une consolidation de la soci\u00e9t\u00e9 autour des dirigeants politiques du pays\u00a0\u00bb, a-t-il estim\u00e9\u00a0au cours de cette table ronde organis\u00e9e \u00e0 Saint-P\u00e9tersbourg.<\/p>\n<p class=\"asset asset-text\">Marque de son implication dans le conflit, Vladimir\u00a0Poutine\u00a0\u00e9tait m\u00eame all\u00e9 jusqu\u2019\u00e0 proposer la m\u00e9diation de son pays vendredi, <a href=\"https:\/\/www.huffingtonpost.fr\/international\/article\/israel-frappe-l-iran-ce-que-l-on-sait-des-frappes-sur-des-sites-militaires-et-nucleaires_251298.html\" rel=\"nofollow noopener\" target=\"_blank\">au premier jour du conflit d\u00e9clench\u00e9 par les frappes isra\u00e9liennes contre l\u2019Iran<\/a>. Une offre\u00a0r\u00e9it\u00e9r\u00e9e mercredi par le Kremlin \u00ab\u00a0pour faire avancer le dialogue\u00a0\u00bb entre les deux pays, ennemis jur\u00e9s.<\/p>\n<p>    100\u00a0jours    <\/p>\n<p class=\"asset asset-text\">Mais sa proposition avait \u00e9t\u00e9 fra\u00eechement accueillie par l\u2019Union europ\u00e9enne, Bruxelles estimant que la Russie ne pouvait \u00ab\u00a0pas \u00eatre un m\u00e9diateur objectif\u00a0\u00bb. Le pr\u00e9sident am\u00e9ricain, qui s\u2019\u00e9tait d\u2019abord dit \u00ab\u00a0ouvert\u00a0\u00bb \u00e0 une telle suggestion, a chang\u00e9 de ton mercredi. \u00ab\u00a0Il a propos\u00e9 de faire le m\u00e9diateur, j\u2019ai dit \u201cFais-moi une faveur, fais le m\u00e9diateur pour toi-m\u00eame. Occupons-nous de la m\u00e9diation pour la Russie d\u2019abord, ok\u00a0? Tu peux t\u2019occuper de \u00e7a (le conflit au Moyen-Orient, ndlr) plus tard\u201d\u00a0\u00bb, a d\u00e9clar\u00e9 <a href=\"https:\/\/www.huffingtonpost.fr\/international\/article\/peut-etre-peut-etre-pas-donald-trump-laisse-planer-le-doute-sur-une-intervention-en-iran_251526.html\" rel=\"nofollow noopener\" target=\"_blank\">Donald Trump<\/a>.<\/p>\n<p class=\"asset asset-text\">Le pr\u00e9sident russe a aussi \u00e9t\u00e9 interrog\u00e9 ce jeudi par la presse sur <a href=\"https:\/\/www.huffingtonpost.fr\/international\/article\/la-russie-n-avait-jamais-lance-autant-de-drones-explosifs-sur-l-ukraine-en-une-nuit-depuis-le-debut-de-la-guerre_251115.html\" rel=\"nofollow noopener\" target=\"_blank\">la guerre en Ukraine<\/a> et une \u00e9ventuelle installation de la paix dans la r\u00e9gion. \u00ab\u00a0Il faut trouver une solution qui, non seulement mette fin au conflit actuel, mais qui cr\u00e9e \u00e9galement les conditions n\u00e9cessaires pour \u00e9viter que de telles situations ne se reproduisent \u00e0 long terme\u00a0\u00bb, a r\u00e9pondu Vladimir Poutine, sans donner plus de d\u00e9tails, laissant une nouvelle fois l\u2019impression qu\u2019il repousse sans cesse le sujet.<\/p>\n<p class=\"asset asset-text\">L\u2019Ukraine a d\u2019ailleurs reproch\u00e9 ce jeudi \u00e0 la Russie de refuser depuis cent jours les appels au cessez-le-feu, lanc\u00e9s \u00e0 l\u2019initiative des \u00c9tats-Unis, pour mettre fin \u00e0 ces trois ann\u00e9es de guerre. \u00ab\u00a0Cela fait exactement cent jours que l\u2019Ukraine a accept\u00e9 sans condition la proposition de paix des \u00c9tats-Unis pour un cessez-le-feu total, l\u2019arr\u00eat des tueries et l\u2019ouverture d\u2019un v\u00e9ritable processus de paix. Et cela fait exactement cent jours que la Russie rejette cette premi\u00e8re \u00e9tape fondamentale vers la paix\u00a0\u00bb, a ainsi d\u00e9clar\u00e9 le ministre des Affaires \u00e9trang\u00e8res Andri\u00ef Sybiga dans un communiqu\u00e9.<\/p>\n","protected":false},"excerpt":{"rendered":"ALEXEY DANICHEV \/ AFP Vladimir Poutine, ici lors d\u2019une rencontre au Forum \u00e9conomique international de Saint-P\u00e9tersbourg en Russie,&hellip;\n","protected":false},"author":2,"featured_media":190533,"comment_status":"","ping_status":"","sticky":false,"template":"","format":"standard","meta":{"footnotes":""},"categories":[1590],"tags":[11,1777,674,14,3019,664,12,132,220,135],"class_list":{"0":"post-190532","1":"post","2":"type-post","3":"status-publish","4":"format-standard","5":"has-post-thumbnail","7":"category-ukraine","8":"tag-actualites","9":"tag-eu","10":"tag-europe","11":"tag-international","12":"tag-iran","13":"tag-israel","14":"tag-news","15":"tag-russie","16":"tag-ukraine","17":"tag-vladimir-poutine"},"share_on_mastodon":{"url":"https:\/\/pubeurope.com\/@fr\/114714838799744814","error":""},"_links":{"self":[{"href":"https:\/\/www.europesays.com\/fr\/wp-json\/wp\/v2\/posts\/190532","targetHints":{"allow":["GET"]}}],"collection":[{"href":"https:\/\/www.europesays.com\/fr\/wp-json\/wp\/v2\/posts"}],"about":[{"href":"https:\/\/www.europesays.com\/fr\/wp-json\/wp\/v2\/types\/post"}],"author":[{"embeddable":true,"href":"https:\/\/www.europesays.com\/fr\/wp-json\/wp\/v2\/users\/2"}],"replies":[{"embeddable":true,"href":"https:\/\/www.europesays.com\/fr\/wp-json\/wp\/v2\/comments?post=190532"}],"version-history":[{"count":0,"href":"https:\/\/www.europesays.com\/fr\/wp-json\/wp\/v2\/posts\/190532\/revisions"}],"wp:featuredmedia":[{"embeddable":true,"href":"https:\/\/www.europesays.com\/fr\/wp-json\/wp\/v2\/media\/190533"}],"wp:attachment":[{"href":"https:\/\/www.europesays.com\/fr\/wp-json\/wp\/v2\/media?parent=190532"}],"wp:term":[{"taxonomy":"category","embeddable":true,"href":"https:\/\/www.europesays.com\/fr\/wp-json\/wp\/v2\/categories?post=190532"},{"taxonomy":"post_tag","embeddable":true,"href":"https:\/\/www.europesays.com\/fr\/wp-json\/wp\/v2\/tags?post=190532"}],"curies":[{"name":"wp","href":"https:\/\/api.w.org\/{rel}","templated":true}]}}