{"id":190534,"date":"2025-06-20T08:51:10","date_gmt":"2025-06-20T08:51:10","guid":{"rendered":"https:\/\/www.europesays.com\/fr\/190534\/"},"modified":"2025-06-20T08:51:10","modified_gmt":"2025-06-20T08:51:10","slug":"les-dodgers-et-ladministration-trump-secharpent-sur-la-presence-dagents-anti-immigration-au-stade","status":"publish","type":"post","link":"https:\/\/www.europesays.com\/fr\/190534\/","title":{"rendered":"Les Dodgers et l\u2019administration Trump s\u2019\u00e9charpent sur la pr\u00e9sence d\u2019agents anti-immigration au stade"},"content":{"rendered":"<p>Le bras de fer entre <a href=\"https:\/\/www.20minutes.fr\/dossier\/los_angeles\" target=\"_blank\" class=\"color-ultramarine c-link\" rel=\"noopener\">Los Angeles<\/a> et <a href=\"https:\/\/www.20minutes.fr\/dossier\/donald_trump\" target=\"_blank\" class=\"color-ultramarine c-link\" rel=\"noopener\">Donald Trump<\/a> au sujet de la politique migratoire du pr\u00e9sident am\u00e9ricain s\u2019\u00e9tend jusque dans le monde du sport. Jeudi, les LA Dodgers, champions en titre de la Ligue nord-am\u00e9ricaine de baseball (MLB), ont annonc\u00e9 avoir <a href=\"https:\/\/edition.cnn.com\/2025\/06\/19\/sport\/los-angeles-dodgers-ice?iid=cnn_buildContentRecirc_end_recirc\" rel=\"nofollow noopener\" target=\"_blank\" class=\"color-ultramarine c-link\">refus\u00e9 \u00e0 la police de l\u2019immigration d\u2019acc\u00e9der aux parkings de leur stade<\/a>, avant un match contre les les San Diego Padres. L\u2019administration Trump a ni\u00e9 toute volont\u00e9 d\u2019action.<\/p>\n<p>\u00ab\u00a0ICE rentrez chez vous\u00a0\u00bb<\/p>\n<p>\u00ab\u00a0Ce matin, des agents de l\u2019ICE (le Service de l\u2019immigration et des douanes des \u00c9tats-Unis) sont venus au Dodger Stadium et ont demand\u00e9 la permission d\u2019acc\u00e9der aux parkings. Ils se sont vus refuser l\u2019acc\u00e8s aux lieux par l\u2019organisation\u00a0\u00bb, a d\u00e9clar\u00e9 sur son compte X la franchise, qui pr\u00e9cise que le match pr\u00e9vu le soir serait \u00ab\u00a0jou\u00e9 comme pr\u00e9vu\u00a0\u00bb.<\/p>\n<p>Des manifestants se sont rassembl\u00e9s devant l\u2019une des entr\u00e9es du stade, certains brandissant des pancartes \u00ab\u00a0ICE rentrez chez vous\u00a0\u00bb, a constat\u00e9 un journaliste de l\u2019AFP.<\/p>\n<p>Mais quelques minutes plus tard, le minist\u00e8re de la S\u00e9curit\u00e9 int\u00e9rieure a affirm\u00e9 que les agents en question n\u2019\u00e9taient pas membres de l\u2019ICE, mais du Service des douanes et de la protection des fronti\u00e8res (CBP). \u00ab\u00a0Cela n\u2019avait rien \u00e0 voir avec les Dodgers. Des v\u00e9hicules du CBP ont \u00e9t\u00e9 dans le parking du stade tr\u00e8s bri\u00e8vement, sans lien avec toute op\u00e9ration\u00a0\u00bb, est-il \u00e9crit dans un communiqu\u00e9 du minist\u00e8re.<\/p>\n<blockquote class=\"twitter-tweet\" align=\"center\" data-lang=\"fr_FR\">\n<p lang=\"en\" dir=\"ltr\">This had nothing to do with the Dodgers.<\/p>\n<p>CBP vehicles were in the stadium parking lot very briefly, unrelated to any operation or enforcement. <a href=\"https:\/\/t.co\/nsQ8LNaHbb\">https:\/\/t.co\/nsQ8LNaHbb<\/a><\/p>\n<p>\u2014 Homeland Security (@DHSgov) <a href=\"https:\/\/twitter.com\/DHSgov\/status\/1935787097048109231?ref_src=twsrc%5Etfw\" target=\"_blank\" rel=\"noopener\">June 19, 2025<\/a><\/p><\/blockquote>\n<p class=\"mb-m@xs text-l@xs\">En cliquant sur\u00ab J\u2019accepte \u00bb, vous acceptez le d\u00e9p\u00f4t de cookies par des services externes et aurez ainsi acc\u00e8s aux contenus de nos partenaires.<\/p>\n<p class=\"mb-xl@xs text-s@xs\">Plus d\u2019informations sur la page<a href=\"https:\/\/www.20minutes.fr\/gestion-cookies\" class=\"mx-xxs@xs color-ultramarine\" target=\"_blank\" rel=\"noopener\">Politique de gestion des cookies<\/a><\/p>\n<p>J\u2019accepte<\/p>\n<p>Depuis le d\u00e9but du mois de juin, des <a href=\"https:\/\/www.20minutes.fr\/monde\/etats-unis\/4157490-20250608-etats-unis-face-emeutes-contre-expulsions-trump-deploie-garde-nationale-californie\" target=\"_blank\" class=\"color-ultramarine c-link\" rel=\"noopener\">manifestations contre la politique migratoire du pr\u00e9sident Trump<\/a> agitent la capitale de la <a href=\"https:\/\/www.20minutes.fr\/dossier\/californie\" target=\"_blank\" class=\"color-ultramarine c-link\" rel=\"noopener\">Californie<\/a>, bastion d\u00e9mocrate dont une grande partie de la population est d\u2019origine hispanique. LA est devenue le th\u00e9\u00e2tre de heurts sporadiques, parfois violents, opposant des protestataires qui d\u00e9noncent les raids de l\u2019ICE aux forces de l\u2019ordre en tenue anti-\u00e9meute.<\/p>\n<p>Donald Trump s\u2019\u00e9tait rapidement empar\u00e9 de la situation pour accuser les autorit\u00e9s locales d\u00e9mocrates d\u2019avoir perdu le contr\u00f4le de la ville. Il avait ainsi envoy\u00e9 4.000 r\u00e9servistes de la Garde nationale, ainsi que &#8211; fait exceptionnel &#8211; 700 militaires d\u2019active, du corps des Marines. Une d\u00e9cision <a href=\"https:\/\/www.20minutes.fr\/monde\/etats-unis\/4157726-20250610-emeutes-los-angeles-envoi-armee-donald-trump-declaration-guerre-politique\" target=\"_blank\" class=\"color-ultramarine c-link\" rel=\"noopener\">largement d\u00e9nonc\u00e9e par les responsables d\u00e9mocrates locaux<\/a>.<\/p>\n<\/p>\n<p>D\u2019apr\u00e8s des m\u00e9dias locaux, de nouveaux raids de l\u2019ICE ont cibl\u00e9 jeudi des magasins Home Depot de Los Angeles, o\u00f9 les journaliers affluent r\u00e9guli\u00e8rement en esp\u00e9rant trouver du travail.<\/p>\n<p>La \u00ab\u00a0trahison\u00a0\u00bb ressentie par les fans des Dodgers<\/p>\n<p>Sur son compte X, le D\u00e9partement de la S\u00e9curit\u00e9 int\u00e9rieure am\u00e9ricain m\u00e8ne une violente campagne contre ce qu\u2019il appelle les \u00ab\u00a0violent criminal illegal aliens\u00a0\u00bb (les \u00ab\u00a0criminels violents \u00e9trangers en situation irr\u00e9guli\u00e8re\u00a0\u00bb, en VF). L\u2019incident de jeudi intervient dans ce contexte, et alors que les Dodgers ont \u00e9t\u00e9 critiqu\u00e9s par leurs fans pour leur absence de r\u00e9ponse face aux op\u00e9rations antimigrants. A titre personnel, le joueur portoricain Enrique Hernandez s\u2019est dit \u00ab\u00a0attrist\u00e9 et furieux\u00a0\u00bb face aux raids de l\u2019ICE, sur Instagram.<\/p>\n<p>Un petit groupe de manifestants s\u2019est rassembl\u00e9 jeudi \u00e0 l\u2019ext\u00e9rieur du stade de l\u2019\u00e9quipe de baseball. \u00ab\u00a0(Les Dodgers) ont \u00e9t\u00e9 tr\u00e8s silencieux depuis le d\u00e9but de ces raids de l\u2019ICE et je trouve cela vraiment hypocrite de leur part de ne rien dire quand la majorit\u00e9 de leur communaut\u00e9 de fans, c\u2019est la population latino d\u2019ici \u00e0 Los Angeles, a dit \u00e0 l\u2019AFP Paola, 27 ans. Cela ressemble \u00e0 100\u00a0% \u00e0 une trahison.\u00a0\u00bb<\/p>\n<p><script async src=\"https:\/\/platform.twitter.com\/widgets.js\" charset=\"utf-8\"><\/script><\/p>\n","protected":false},"excerpt":{"rendered":"Le bras de fer entre Los Angeles et Donald Trump au sujet de la politique migratoire du pr\u00e9sident&hellip;\n","protected":false},"author":2,"featured_media":190535,"comment_status":"","ping_status":"","sticky":false,"template":"","format":"standard","meta":{"footnotes":""},"categories":[1589],"tags":[11,32845,2139,75,73,1866,6734,6116,12,517,1864,1865,1863,308],"class_list":{"0":"post-190534","1":"post","2":"type-post","3":"status-publish","4":"format-standard","5":"has-post-thumbnail","7":"category-etats-unis","8":"tag-actualites","9":"tag-baseball","10":"tag-californie","11":"tag-donald-trump","12":"tag-etats-unis","13":"tag-etats-unis-damerique","14":"tag-immigration-clandestine","15":"tag-los-angeles","16":"tag-news","17":"tag-sport","18":"tag-united-states","19":"tag-united-states-of-america","20":"tag-us","21":"tag-usa"},"share_on_mastodon":{"url":"https:\/\/pubeurope.com\/@fr\/114714842445118781","error":""},"_links":{"self":[{"href":"https:\/\/www.europesays.com\/fr\/wp-json\/wp\/v2\/posts\/190534","targetHints":{"allow":["GET"]}}],"collection":[{"href":"https:\/\/www.europesays.com\/fr\/wp-json\/wp\/v2\/posts"}],"about":[{"href":"https:\/\/www.europesays.com\/fr\/wp-json\/wp\/v2\/types\/post"}],"author":[{"embeddable":true,"href":"https:\/\/www.europesays.com\/fr\/wp-json\/wp\/v2\/users\/2"}],"replies":[{"embeddable":true,"href":"https:\/\/www.europesays.com\/fr\/wp-json\/wp\/v2\/comments?post=190534"}],"version-history":[{"count":0,"href":"https:\/\/www.europesays.com\/fr\/wp-json\/wp\/v2\/posts\/190534\/revisions"}],"wp:featuredmedia":[{"embeddable":true,"href":"https:\/\/www.europesays.com\/fr\/wp-json\/wp\/v2\/media\/190535"}],"wp:attachment":[{"href":"https:\/\/www.europesays.com\/fr\/wp-json\/wp\/v2\/media?parent=190534"}],"wp:term":[{"taxonomy":"category","embeddable":true,"href":"https:\/\/www.europesays.com\/fr\/wp-json\/wp\/v2\/categories?post=190534"},{"taxonomy":"post_tag","embeddable":true,"href":"https:\/\/www.europesays.com\/fr\/wp-json\/wp\/v2\/tags?post=190534"}],"curies":[{"name":"wp","href":"https:\/\/api.w.org\/{rel}","templated":true}]}}