{"id":190544,"date":"2025-06-20T08:56:10","date_gmt":"2025-06-20T08:56:10","guid":{"rendered":"https:\/\/www.europesays.com\/fr\/190544\/"},"modified":"2025-06-20T08:56:10","modified_gmt":"2025-06-20T08:56:10","slug":"huit-malades-un-deces-ce-que-lon-sait-des-cas-dintoxication-denfants-dans-laisne","status":"publish","type":"post","link":"https:\/\/www.europesays.com\/fr\/190544\/","title":{"rendered":"Huit malades, un d\u00e9c\u00e8s&#8230; Ce que l\u2019on sait des cas d\u2019intoxication d\u2019enfants dans l\u2019Aisne"},"content":{"rendered":"<p>        <img decoding=\"async\" loading=\"lazy\" src=\"https:\/\/www.europesays.com\/fr\/wp-content\/uploads\/2025\/06\/384d5f1_1658614338268-5d9061292400005e00d4382e.jpeg\"  width=\"728\" height=\"485\" alt=\"Huit cas d\u2019intoxication alimentaire chez des enfants ont \u00e9t\u00e9 recens\u00e9s dans l\u2019Aisne.\"\/>  <\/p>\n<p>PATRICK HERTZOG \/ AFP<\/p>\n<p>Huit cas d\u2019intoxication alimentaire chez des enfants ont \u00e9t\u00e9 recens\u00e9s dans l\u2019Aisne.<\/p>\n<p class=\"asset asset-text\">SANT\u00c9 &#8211; L\u2019origine de la contamination reste pour l\u2019heure inconnue. Plusieurs enfants ont \u00e9t\u00e9 ces derniers jours victimes d\u2019<a href=\"https:\/\/www.huffingtonpost.fr\/life\/article\/aux-etats-unis-des-carottes-infectees-par-e-coli-font-un-mort-et-des-dizaines-de-malades_242365.html\" rel=\"nofollow noopener\" target=\"_blank\">intoxication alimentaire <\/a>s\u00e9v\u00e8re dans l\u2019Aisne, a rapport\u00e9 jeudi 19\u00a0juin\u00a0la pr\u00e9fecture.<\/p>\n<p class=\"asset asset-text\">\u00ab\u00a0Un huiti\u00e8me cas de diarrh\u00e9es glairo-sanglantes a \u00e9t\u00e9 confirm\u00e9 dans la soir\u00e9e du 18\u00a0juin (mercredi, ndlr) chez un enfant r\u00e9sidant dans l\u2019agglom\u00e9ration de Saint-Quentin\u00a0\u00bb, \u00e9crit la pr\u00e9fecture dans un communiqu\u00e9, alors qu\u2019une enfant de 12\u00a0ans est morte des suites de cette intoxication lundi 16\u00a0juin.<\/p>\n<p class=\"asset asset-text\">Le HuffPost fait le point sur la situation.<\/p>\n<p>    \u2022 Qui sont les enfants touch\u00e9s\u00a0?    <\/p>\n<p class=\"asset asset-text\">Sur les huit cas recens\u00e9s depuis le 12\u00a0juin, tous r\u00e9sident \u00ab\u00a0\u00e0 Saint-Quentin et dans deux communes autour de l\u2019agglom\u00e9ration, c\u2019est vraiment circonscrit\u00a0\u00bb, a rappel\u00e9 la maire de Saint-Quentin, Fr\u00e9d\u00e9rique Macarez \u00e0 l\u2019AFP.<\/p>\n<p class=\"asset asset-text\">Les enfants concern\u00e9s ont entre 1\u00a0et 12\u00a0ans. Ils ont tous \u00e9t\u00e9 pris en charge pour des diarrh\u00e9es sanglantes, et \u00ab\u00a0cinq d\u2019entre eux ont d\u00e9velopp\u00e9 un syndrome h\u00e9molytique et ur\u00e9mique (SHU), dont l\u2019un est malheureusement d\u00e9c\u00e9d\u00e9\u00a0\u00bb.<\/p>\n<p class=\"asset asset-text\">Lundi, une fillette de 12\u00a0ans a en effet succomb\u00e9 \u00e0 cette intoxication. Le club de gymnastique o\u00f9 \u00e9tait inscrite la fille a ouvert une cagnotte en ligne en solidarit\u00e9 avec sa famille.<\/p>\n<p>    \u2022 Quelles sont les causes\u00a0de cette intoxication\u00a0?    <\/p>\n<p class=\"asset asset-text\">Depuis le signalement de ces cas, Sant\u00e9 publique France (SpF) et l\u2019Agence r\u00e9gionale de Sant\u00e9 (ARS) sont mobilis\u00e9es \u00ab\u00a0pour identifier une \u00e9ventuelle origine commune de la contamination\u00a0\u00bb. La pr\u00e9fecture de l\u2019Aisne a d\u00e9clar\u00e9 mercredi que les enfants atteints n\u2019avaient pas pris de repas en commun.<\/p>\n<p class=\"asset asset-text\">\u00ab\u00a0Le contr\u00f4le sanitaire r\u00e9alis\u00e9 le 17\u00a0juin confirme l\u2019absence de contamination bact\u00e9riologique de l\u2019eau du robinet\u00a0: l\u2019eau du robinet est donc consommable\u00a0\u00bb, a soulign\u00e9 l\u2019ARS jeudi.<\/p>\n<p class=\"asset asset-text\">\u00ab\u00a0Les recherches se poursuivent activement. Plus de trente collaborateurs de l\u2019ARS et de SPF sont sp\u00e9cifiquement mobilis\u00e9s pour investiguer aupr\u00e8s des familles et dans les milieux fr\u00e9quent\u00e9s par les enfants, pour coordonner les services m\u00e9dicaux et assurer avec la pr\u00e9fecture et la ville de Saint-Quentin l\u2019information de la population\u00a0\u00bb, poursuit la pr\u00e9fecture.<\/p>\n<p>    \u2022 Qu\u2019est-ce que le SHU\u00a0?    <\/p>\n<p class=\"asset asset-text\">Le syndrome h\u00e9molytique et ur\u00e9mique (SHU), dont ont \u00e9t\u00e9 atteints cinq des huit enfants, est une maladie infectieuse rare, \u00ab\u00a0le plus souvent d\u2019origine alimentaire\u00a0\u00bb, comme l\u2019indique le site gouvernemental <a href=\"https:\/\/sante.gouv.fr\/soins-et-maladies\/maladies\/maladies-infectieuses-d-origine-alimentaire\/article\/syndrome-hemolytique-et-uremique-shu#:~:text=Le%20syndrome%20h%C3%A9molytique%20et%20ur%C3%A9mique,de%20moins%20de%20trois%20ans.\" target=\"_blank\" rel=\"noopener nofollow\" title=\"Nouvelle fen\u00eatre\">sante.gouv<\/a>. \u00ab\u00a0L\u2019agent bact\u00e9rien responsable du SHU typique appartient \u00e0 l\u2019esp\u00e8ce Escherichia coli (E.Coli)\u00a0\u00bb, lit-on \u00e9galement.<\/p>\n<p class=\"asset asset-text\">La pr\u00e9fecture de l\u2019Aisne et l\u2019ARS appellent les parents \u00e0 la vigilance s\u2019ils constatent que l\u2019\u00ab\u00a0enfant pr\u00e9sent des diarrh\u00e9es sanglantes\u00a0\u00bb. Il est conseill\u00e9 d\u2019appeler le 15. \u00ab\u00a0La transmission de personne \u00e0 personne est possible, en particulier en milieu familial ou dans des collectivit\u00e9s de jeunes enfants\u00a0\u00bb, ajoutent les autorit\u00e9s.<\/p>\n<p class=\"asset asset-text\">Sant\u00e9 publique France recommande de\u00a0se laver les mains avant de cuisiner, laver les l\u00e9gumes et les fruits avant de les consommer, cuire la viande \u00e0 c\u0153ur, respecter la cha\u00eene du froid, nettoyer soigneusement les ustensiles et les plans de travail, ou encore ne pas laisser les enfants consommer d\u2019eau non trait\u00e9e et les moins de 5\u00a0ans manger des produits \u00e0 base de lait cru.<\/p>\n","protected":false},"excerpt":{"rendered":"PATRICK HERTZOG \/ AFP Huit cas d\u2019intoxication alimentaire chez des enfants ont \u00e9t\u00e9 recens\u00e9s dans l\u2019Aisne. SANT\u00c9 &#8211;&hellip;\n","protected":false},"author":2,"featured_media":190545,"comment_status":"","ping_status":"","sticky":false,"template":"","format":"standard","meta":{"footnotes":""},"categories":[2],"tags":[11,26788,1011,27,25838,12,25,71],"class_list":{"0":"post-190544","1":"post","2":"type-post","3":"status-publish","4":"format-standard","5":"has-post-thumbnail","7":"category-actualites","8":"tag-actualites","9":"tag-aisne","10":"tag-fr","11":"tag-france","12":"tag-intoxication-alimentaire","13":"tag-news","14":"tag-republique-francaise","15":"tag-sante"},"share_on_mastodon":{"url":"https:\/\/pubeurope.com\/@fr\/114714862187670581","error":""},"_links":{"self":[{"href":"https:\/\/www.europesays.com\/fr\/wp-json\/wp\/v2\/posts\/190544","targetHints":{"allow":["GET"]}}],"collection":[{"href":"https:\/\/www.europesays.com\/fr\/wp-json\/wp\/v2\/posts"}],"about":[{"href":"https:\/\/www.europesays.com\/fr\/wp-json\/wp\/v2\/types\/post"}],"author":[{"embeddable":true,"href":"https:\/\/www.europesays.com\/fr\/wp-json\/wp\/v2\/users\/2"}],"replies":[{"embeddable":true,"href":"https:\/\/www.europesays.com\/fr\/wp-json\/wp\/v2\/comments?post=190544"}],"version-history":[{"count":0,"href":"https:\/\/www.europesays.com\/fr\/wp-json\/wp\/v2\/posts\/190544\/revisions"}],"wp:featuredmedia":[{"embeddable":true,"href":"https:\/\/www.europesays.com\/fr\/wp-json\/wp\/v2\/media\/190545"}],"wp:attachment":[{"href":"https:\/\/www.europesays.com\/fr\/wp-json\/wp\/v2\/media?parent=190544"}],"wp:term":[{"taxonomy":"category","embeddable":true,"href":"https:\/\/www.europesays.com\/fr\/wp-json\/wp\/v2\/categories?post=190544"},{"taxonomy":"post_tag","embeddable":true,"href":"https:\/\/www.europesays.com\/fr\/wp-json\/wp\/v2\/tags?post=190544"}],"curies":[{"name":"wp","href":"https:\/\/api.w.org\/{rel}","templated":true}]}}